{"id":3467,"date":"2026-04-29T06:05:05","date_gmt":"2026-04-29T09:05:05","guid":{"rendered":"https:\/\/vagas.portalemprego.com.br\/?p=3467"},"modified":"2026-04-29T06:05:05","modified_gmt":"2026-04-29T09:05:05","slug":"auxiliar-de-expedicao-vaga-afirmativa-tambem-para-o-publico-pcd-logistica-rio-de-janeiro","status":"publish","type":"post","link":"https:\/\/vagas.portalemprego.com.br\/?p=3467","title":{"rendered":"Auxiliar de Expedi\u00e7\u00e3o &#8211; Vaga afirmativa tamb\u00e9m para o p\u00fablico PCD &#8211; Log\u00edstica &#8211; Rio de Janeiro"},"content":{"rendered":"<p>Esta vaga tamb\u00e9m \u00e9 destinada a Pessoas com Defici\u00eancia (PCD). Valorizamos a diversidade e incentivamos a candidatura de profissionais de todos os perfis. Receber uma listagem de equipamentos, separar, fotografas, seperar no estoque virtual e preparar os equipamentos para validar e entregar para o cliente, no retorno o equipamento deve ser verificado, limpar e guardar. No ManpowerGroup, a sua carreira tem um novo rumo! Se voc\u00ea est\u00e1 em busca de crescimento, desafios e um ambiente que valoriza o seu potencial, venha fazer parte do nosso time. Aqui, cada talento \u00e9 reconhecido e valorizado. Candidate-se agora e transforme seu futuro com a gente!<br \/>\nRequisitos e qualifica\u00e7\u00f5es<br \/>\nEnsino m\u00e9dio completo Diferencial: Curso de log\u00edstica ou eletr\u00f4nica<\/p>\n<ul>\n<li>Local de trabalho: Rio de Janeiro, RJ<\/li>\n<li>Regime de contrata\u00e7\u00e3o de tipo: Efetivo \u2013 CLT<\/li>\n<li>Jornada: Per\u00edodo Integral<\/li>\n<li>\u00c1rea e especializa\u00e7\u00e3o profissional: Log\u00edstica &#8211; Distribui\u00e7\u00e3o, Recebimento e Expedi\u00e7\u00e3o<\/li>\n<li>N\u00edvel hier\u00e1rquico: Auxiliar<\/li>\n<\/ul>\n<p>Escolaridade M\u00ednima: Ensino M\u00e9dio (2\u00ba Grau)<\/p>\n<ul>\n<li>Vale Transporte; Vale Alimenta\u00e7\u00e3o; Assist\u00eancia M\u00e9dica; Assist\u00eancia Odontol\u00f3gica.<\/li>\n<\/ul>\n<p>Sal\u00e1rio: 1700,0<\/p>\n","protected":false},"excerpt":{"rendered":"<p>Esta vaga tamb\u00e9m \u00e9 destinada a Pessoas com Defici\u00eancia (PCD). Valorizamos a diversidade e incentivamos a candidatura de profissionais de todos os perfis. Receber uma listagem de equipamentos, separar, fotografas, seperar no estoque virtual e preparar os equipamentos para validar e entregar para o cliente, no retorno o equipamento deve ser verificado, limpar e guardar. [&hellip;]<\/p>\n","protected":false},"author":1,"featured_media":0,"comment_status":"open","ping_status":"open","sticky":false,"template":"","format":"standard","meta":{"footnotes":""},"categories":[21],"tags":[],"class_list":["post-3467","post","type-post","status-publish","format-standard","hentry","category-rio-de-janeiro-rj"],"_links":{"self":[{"href":"https:\/\/vagas.portalemprego.com.br\/index.php?rest_route=\/wp\/v2\/posts\/3467","targetHints":{"allow":["GET"]}}],"collection":[{"href":"https:\/\/vagas.portalemprego.com.br\/index.php?rest_route=\/wp\/v2\/posts"}],"about":[{"href":"https:\/\/vagas.portalemprego.com.br\/index.php?rest_route=\/wp\/v2\/types\/post"}],"author":[{"embeddable":true,"href":"https:\/\/vagas.portalemprego.com.br\/index.php?rest_route=\/wp\/v2\/users\/1"}],"replies":[{"embeddable":true,"href":"https:\/\/vagas.portalemprego.com.br\/index.php?rest_route=%2Fwp%2Fv2%2Fcomments&post=3467"}],"version-history":[{"count":0,"href":"https:\/\/vagas.portalemprego.com.br\/index.php?rest_route=\/wp\/v2\/posts\/3467\/revisions"}],"wp:attachment":[{"href":"https:\/\/vagas.portalemprego.com.br\/index.php?rest_route=%2Fwp%2Fv2%2Fmedia&parent=3467"}],"wp:term":[{"taxonomy":"category","embeddable":true,"href":"https:\/\/vagas.portalemprego.com.br\/index.php?rest_route=%2Fwp%2Fv2%2Fcategories&post=3467"},{"taxonomy":"post_tag","embeddable":true,"href":"https:\/\/vagas.portalemprego.com.br\/index.php?rest_route=%2Fwp%2Fv2%2Ftags&post=3467"}],"curies":[{"name":"wp","href":"https:\/\/api.w.org\/{rel}","templated":true}]}}