{"id":3477,"date":"2026-04-29T06:05:05","date_gmt":"2026-04-29T09:05:05","guid":{"rendered":"https:\/\/vagas.portalemprego.com.br\/?p=3477"},"modified":"2026-04-29T06:05:05","modified_gmt":"2026-04-29T09:05:05","slug":"promotor-de-vendas-ambev-rio-de-janeiro-comercial-vendas-rio-de-janeiro","status":"publish","type":"post","link":"https:\/\/vagas.portalemprego.com.br\/?p=3477","title":{"rendered":"PROMOTOR DE VENDAS AMBEV &#8211; RIO DE JANEIRO &#8211; Comercial, Vendas &#8211; Rio de Janeiro"},"content":{"rendered":"<p>Promotor Dedicado Mega Promo<br \/>\nEstamos em busca de um(a) Promotor(a), para atuar em lojas do Rio de Janeiro &#8211; RJ<br \/>\nSendo respons\u00e1vel por garantir a correta exposi\u00e7\u00e3o dos produtos, realizar a reposi\u00e7\u00e3o de mercadorias, negociar espa\u00e7os estrat\u00e9gicos no ponto de venda e manter um bom relacionamento com os respons\u00e1veis pelas lojas, contribuindo para o desempenho da marca no ponto de venda.<br \/>\nRemunera\u00e7\u00e3o e Benef\u00edcios<br \/>\nCargo: Promotor de Vendas Exclusivo &#8211; AMBEV<br \/>\nSal\u00e1rio: R$1.805,43<br \/>\nVale-Transporte<br \/>\nVale-Refei\u00e7\u00e3o: R$22,67 por dia<br \/>\nVale-Alimenta\u00e7\u00e3o: R$173,79 por m\u00eas<br \/>\nAux\u00edlio Internet: R$40,00 por m\u00eas<br \/>\nAssist\u00eancia Odontol\u00f3gica Amil (ap\u00f3s o per\u00edodo de experi\u00eancia)<br \/>\nWellhub<br \/>\nHor\u00e1rio de Trabalho<br \/>\nSegunda a Sabado: das 07h00 \u00e0s 15h20<br \/>\nSe voc\u00ea possui experi\u00eancia como Promotor(a) de Vendas, preferencialmente com mais de 1 ano na \u00e1rea, e est\u00e1 em busca de uma oportunidade para atuar em uma empresa s\u00f3lida e em constante crescimento, essa vaga pode ser ideal para voc\u00ea.<br \/>\nBuscamos profissionais proativos, organizados e comprometidos, com facilidade de relacionamento no ponto de venda e disponibilidade para realizar reposi\u00e7\u00e3o de mercadorias e organiza\u00e7\u00e3o de produtos.<br \/>\n\u00c9 importante ter disposi\u00e7\u00e3o para atividades que envolvem peso, pois o trabalho inclui manuseio e reposi\u00e7\u00e3o de bebidas no ponto de venda.<\/p>\n<ul>\n<li>N\u00famero de vagas: 25<\/li>\n<li>Local de trabalho: Rio de Janeiro, RJ<\/li>\n<li>Regime de contrata\u00e7\u00e3o de tipo: Efetivo \u2013 CLT<\/li>\n<li>Jornada: Per\u00edodo Integral<\/li>\n<li>\u00c1rea e especializa\u00e7\u00e3o profissional: Comercial, Vendas &#8211; Demonstrador \/ Promotor<\/li>\n<li>N\u00edvel hier\u00e1rquico: Operacional<\/li>\n<\/ul>\n<p>Escolaridade M\u00ednima: Ensino M\u00e9dio (2\u00ba Grau)<\/p>\n<p>Sal\u00e1rio: 1805,43<\/p>\n","protected":false},"excerpt":{"rendered":"<p>Promotor Dedicado Mega Promo Estamos em busca de um(a) Promotor(a), para atuar em lojas do Rio de Janeiro &#8211; RJ Sendo respons\u00e1vel por garantir a correta exposi\u00e7\u00e3o dos produtos, realizar a reposi\u00e7\u00e3o de mercadorias, negociar espa\u00e7os estrat\u00e9gicos no ponto de venda e manter um bom relacionamento com os respons\u00e1veis pelas lojas, contribuindo para o desempenho [&hellip;]<\/p>\n","protected":false},"author":1,"featured_media":0,"comment_status":"open","ping_status":"open","sticky":false,"template":"","format":"standard","meta":{"footnotes":""},"categories":[21],"tags":[],"class_list":["post-3477","post","type-post","status-publish","format-standard","hentry","category-rio-de-janeiro-rj"],"_links":{"self":[{"href":"https:\/\/vagas.portalemprego.com.br\/index.php?rest_route=\/wp\/v2\/posts\/3477","targetHints":{"allow":["GET"]}}],"collection":[{"href":"https:\/\/vagas.portalemprego.com.br\/index.php?rest_route=\/wp\/v2\/posts"}],"about":[{"href":"https:\/\/vagas.portalemprego.com.br\/index.php?rest_route=\/wp\/v2\/types\/post"}],"author":[{"embeddable":true,"href":"https:\/\/vagas.portalemprego.com.br\/index.php?rest_route=\/wp\/v2\/users\/1"}],"replies":[{"embeddable":true,"href":"https:\/\/vagas.portalemprego.com.br\/index.php?rest_route=%2Fwp%2Fv2%2Fcomments&post=3477"}],"version-history":[{"count":0,"href":"https:\/\/vagas.portalemprego.com.br\/index.php?rest_route=\/wp\/v2\/posts\/3477\/revisions"}],"wp:attachment":[{"href":"https:\/\/vagas.portalemprego.com.br\/index.php?rest_route=%2Fwp%2Fv2%2Fmedia&parent=3477"}],"wp:term":[{"taxonomy":"category","embeddable":true,"href":"https:\/\/vagas.portalemprego.com.br\/index.php?rest_route=%2Fwp%2Fv2%2Fcategories&post=3477"},{"taxonomy":"post_tag","embeddable":true,"href":"https:\/\/vagas.portalemprego.com.br\/index.php?rest_route=%2Fwp%2Fv2%2Ftags&post=3477"}],"curies":[{"name":"wp","href":"https:\/\/api.w.org\/{rel}","templated":true}]}}