{"id":3484,"date":"2026-04-29T06:05:05","date_gmt":"2026-04-29T09:05:05","guid":{"rendered":"https:\/\/vagas.portalemprego.com.br\/?p=3484"},"modified":"2026-04-29T06:05:05","modified_gmt":"2026-04-29T09:05:05","slug":"analista-de-ti-informatica-ti-telecomunicacoes-rio-de-janeiro","status":"publish","type":"post","link":"https:\/\/vagas.portalemprego.com.br\/?p=3484","title":{"rendered":"Analista de TI &#8211; Inform\u00e1tica, TI, Telecomunica\u00e7\u00f5es &#8211; Rio de Janeiro"},"content":{"rendered":"<p>Com mais de 20 anos de experi\u00eancia, o Cavalcante Ramos Advogados \u00e9 reconhecido por sua excel\u00eancia e destaque na advocacia nacional, sendo inclu\u00eddo por mais de dez anos consecutivos na renomada lista da revista An\u00e1lise Advocacia 500 como um dos escrit\u00f3rios mais admirados do Brasil. Nossa trajet\u00f3ria \u00e9 pautada na inova\u00e7\u00e3o e excel\u00eancia em servi\u00e7os jur\u00eddicos. Saiba mais sobre nossa hist\u00f3ria em cavalcanteramos.adv.br<\/p>\n<p>O que buscamos em voc\u00ea?<br \/>\nProcuramos um profissional com esp\u00edrito competitivo, motivado por desafios, orientado para resultados e protagonista da pr\u00f3pria trajet\u00f3ria.<\/p>\n<p>Atividades:<br \/>\nAtuar no suporte t\u00e9cnico e na sustenta\u00e7\u00e3o do ambiente de TI, incluindo esta\u00e7\u00f5es de trabalho, sistemas corporativos e infraestrutura;<br \/>\nAdministrar e otimizar o ambiente Microsoft 365 (Outlook, Teams, SharePoint, OneDrive), incluindo gest\u00e3o de permiss\u00f5es, pol\u00edticas e boas pr\u00e1ticas;<br \/>\nApoiar a administra\u00e7\u00e3o de redes, VPNs, firewall, controle de acessos e seguran\u00e7a da informa\u00e7\u00e3o;<br \/>\nAtuar na an\u00e1lise, tratamento e preven\u00e7\u00e3o de incidentes t\u00e9cnicos e de seguran\u00e7a;<br \/>\nConduzir e apoiar projetos de melhoria, automa\u00e7\u00e3o e moderniza\u00e7\u00e3o do ambiente tecnol\u00f3gico;<br \/>\nInteragir com fornecedores e prestadores de servi\u00e7o, avaliando entregas, riscos e ader\u00eancia \u00e0s necessidades do escrit\u00f3rio;<br \/>\nApoiar a documenta\u00e7\u00e3o de processos, padr\u00f5es t\u00e9cnicos e procedimentos operacionais;<br \/>\nAtuar como refer\u00eancia t\u00e9cnica;<\/p>\n<p>Requisitos:<br \/>\nForma\u00e7\u00e3o superior em Tecnologia da Informa\u00e7\u00e3o, Sistemas de Informa\u00e7\u00e3o, Redes, Ci\u00eancia da Computa\u00e7\u00e3o ou \u00e1reas correlatas;<br \/>\nExperi\u00eancia s\u00f3lida em ambientes corporativos de m\u00e9dio a grande porte;<br \/>\nDom\u00ednio do ecossistema Microsoft (Windows, Microsoft 365, Azure AD\/Entra ID);<br \/>\nConhecimentos consistentes em redes, seguran\u00e7a da informa\u00e7\u00e3o, controle de acessos e boas pr\u00e1ticas de governan\u00e7a de TI;<br \/>\nExperi\u00eancia no relacionamento com fornecedores e suporte a ambientes cr\u00edticos;<br \/>\nBoa comunica\u00e7\u00e3o, organiza\u00e7\u00e3o, vis\u00e3o anal\u00edtica e capacidade de tomada de decis\u00e3o;<br \/>\nPerfil proativo, respons\u00e1vel e orientado \u00e0 melhoria cont\u00ednua.<\/p>\n<p>O que oferecemos:<br \/>\nPlano de Sa\u00fade\/Odontol\u00f3gico (ap\u00f3s 90 dias), VA\/VR ( R$ 28, para usar como quiser), VT, DayOff no seu anivers\u00e1rio, refeit\u00f3rio no local e conv\u00eanios;<br \/>\nHor\u00e1rio: 9h \u00e0s 18h;<br \/>\nLocal de atua\u00e7\u00e3o: Centro-RJ.<\/p>\n<ul>\n<li>Local de trabalho: Rio de Janeiro, RJ<\/li>\n<li>Regime de contrata\u00e7\u00e3o de tipo: Efetivo \u2013 CLT<\/li>\n<li>Jornada: Per\u00edodo Integral<\/li>\n<li>\u00c1rea e especializa\u00e7\u00e3o profissional: Inform\u00e1tica, TI, Telecomunica\u00e7\u00f5es &#8211; TI<\/li>\n<li>N\u00edvel hier\u00e1rquico: Analista<\/li>\n<\/ul>\n<p>Escolaridade M\u00ednima: Ensino Superior<\/p>\n<ul>\n<li>Vale-alimenta\u00e7\u00e3o<\/li>\n<li>Vale-refei\u00e7\u00e3o<\/li>\n<li>Vale-transporte<\/li>\n<li>Assist\u00eancia m\u00e9dica<\/li>\n<li>Assist\u00eancia odontol\u00f3gica<\/li>\n<\/ul>\n<p>Sal\u00e1rio: 4500,0<\/p>\n","protected":false},"excerpt":{"rendered":"<p>Com mais de 20 anos de experi\u00eancia, o Cavalcante Ramos Advogados \u00e9 reconhecido por sua excel\u00eancia e destaque na advocacia nacional, sendo inclu\u00eddo por mais de dez anos consecutivos na renomada lista da revista An\u00e1lise Advocacia 500 como um dos escrit\u00f3rios mais admirados do Brasil. Nossa trajet\u00f3ria \u00e9 pautada na inova\u00e7\u00e3o e excel\u00eancia em servi\u00e7os [&hellip;]<\/p>\n","protected":false},"author":1,"featured_media":0,"comment_status":"open","ping_status":"open","sticky":false,"template":"","format":"standard","meta":{"footnotes":""},"categories":[21],"tags":[],"class_list":["post-3484","post","type-post","status-publish","format-standard","hentry","category-rio-de-janeiro-rj"],"_links":{"self":[{"href":"https:\/\/vagas.portalemprego.com.br\/index.php?rest_route=\/wp\/v2\/posts\/3484","targetHints":{"allow":["GET"]}}],"collection":[{"href":"https:\/\/vagas.portalemprego.com.br\/index.php?rest_route=\/wp\/v2\/posts"}],"about":[{"href":"https:\/\/vagas.portalemprego.com.br\/index.php?rest_route=\/wp\/v2\/types\/post"}],"author":[{"embeddable":true,"href":"https:\/\/vagas.portalemprego.com.br\/index.php?rest_route=\/wp\/v2\/users\/1"}],"replies":[{"embeddable":true,"href":"https:\/\/vagas.portalemprego.com.br\/index.php?rest_route=%2Fwp%2Fv2%2Fcomments&post=3484"}],"version-history":[{"count":0,"href":"https:\/\/vagas.portalemprego.com.br\/index.php?rest_route=\/wp\/v2\/posts\/3484\/revisions"}],"wp:attachment":[{"href":"https:\/\/vagas.portalemprego.com.br\/index.php?rest_route=%2Fwp%2Fv2%2Fmedia&parent=3484"}],"wp:term":[{"taxonomy":"category","embeddable":true,"href":"https:\/\/vagas.portalemprego.com.br\/index.php?rest_route=%2Fwp%2Fv2%2Fcategories&post=3484"},{"taxonomy":"post_tag","embeddable":true,"href":"https:\/\/vagas.portalemprego.com.br\/index.php?rest_route=%2Fwp%2Fv2%2Ftags&post=3484"}],"curies":[{"name":"wp","href":"https:\/\/api.w.org\/{rel}","templated":true}]}}