{"id":3491,"date":"2026-04-29T06:06:06","date_gmt":"2026-04-29T09:06:06","guid":{"rendered":"https:\/\/vagas.portalemprego.com.br\/?p=3491"},"modified":"2026-04-29T06:06:06","modified_gmt":"2026-04-29T09:06:06","slug":"tecnico-de-operacao-i-construcao-manutencao-rio-de-janeiro","status":"publish","type":"post","link":"https:\/\/vagas.portalemprego.com.br\/?p=3491","title":{"rendered":"T\u00e9cnico de Opera\u00e7\u00e3o I &#8211; Constru\u00e7\u00e3o, Manuten\u00e7\u00e3o &#8211; Rio de Janeiro"},"content":{"rendered":"<p>Estamos em busca de um T\u00e9cnico de Opera\u00e7\u00e3o I para atuar na \u00e1rea de pr\u00e9-opera\u00e7\u00e3o do sistema de transmiss\u00e3o de energia. O profissional ser\u00e1 respons\u00e1vel pelo planejamento e coordena\u00e7\u00e3o de interven\u00e7\u00f5es programadas, garantindo que as opera\u00e7\u00f5es sejam realizadas de forma eficiente e segura antes da execu\u00e7\u00e3o pelo time de opera\u00e7\u00e3o em tempo real (COS).<br \/>\nPrincipais responsabilidades<br \/>\nApurar indicadores de perda de supervis\u00e3o e HL;<br \/>\nAutorizar acesso \u00e0s instala\u00e7\u00f5es;<br \/>\nAnalisar e controlar interven\u00e7\u00f5es programadas;<br \/>\nPreencher e acompanhar os sistemas do ONS;<br \/>\nPreencher o RDF e atualizar o manual de opera\u00e7\u00e3o;<br \/>\nAtualizar e elaborar conte\u00fados do banco de certifica\u00e7\u00e3o;<br \/>\nAtuar em interface com o Centro de Opera\u00e7\u00e3o (COS) para cumprimento das tratativas;<br \/>\nGarantir o cumprimento do Programa de Integridade Corporativa (PIC) e do sistema de gest\u00e3o antissuborno;<br \/>\nSeguir os procedimentos do SIG visando qualidade, seguran\u00e7a, prote\u00e7\u00e3o ambiental e integridade f\u00edsica.<br \/>\nQualifica\u00e7\u00f5es t\u00e9cnicas imprescind\u00edveis<br \/>\nCurso t\u00e9cnico em Eletrot\u00e9cnica;<br \/>\nExperi\u00eancia preferencial em empresas de transmiss\u00e3o de energia;<br \/>\nConhecimento em opera\u00e7\u00e3o ou pr\u00e9-opera\u00e7\u00e3o de sistemas el\u00e9tricos;<br \/>\nExperi\u00eancia como operador de COS ou \u00e1reas similares \u00e9 um diferencial.<br \/>\n?? Diferenciais: Experi\u00eancia pr\u00e9via com sistemas de transmiss\u00e3o e familiaridade com rotinas de pr\u00e9-opera\u00e7\u00e3o.<br \/>\nModalidade:\u00a0H\u00edbrido\u00a0\u2013\u00a01\u00a0dia\u00a0de\u00a0home\u00a0office<\/p>\n<ul>\n<li>Local de trabalho: Rio de Janeiro, RJ<\/li>\n<li>Regime de contrata\u00e7\u00e3o de tipo: Efetivo \u2013 CLT<\/li>\n<li>Jornada: Per\u00edodo Integral<\/li>\n<li>\u00c1rea e especializa\u00e7\u00e3o profissional: Constru\u00e7\u00e3o, Manuten\u00e7\u00e3o &#8211; Manuten\u00e7\u00e3o e Instala\u00e7\u00f5es<\/li>\n<li>N\u00edvel hier\u00e1rquico: Especialista<\/li>\n<\/ul>\n<p>VALORIZADO<\/p>\n<p>Tempo de experi\u00eancia: Menos de 1 ano<\/p>\n<p>Escolaridade M\u00ednima: Ensino Fundamental (1\u00ba grau)<\/p>\n<ul>\n<li>Vale Transporte<\/li>\n<li>Assist\u00eancia M\u00e9dica \/ Medicina em grupo<\/li>\n<li>T\u00edquete Refei\u00e7\u00e3o<\/li>\n<li>Assist\u00eancia Odontol\u00f3gica<\/li>\n<\/ul>\n","protected":false},"excerpt":{"rendered":"<p>Estamos em busca de um T\u00e9cnico de Opera\u00e7\u00e3o I para atuar na \u00e1rea de pr\u00e9-opera\u00e7\u00e3o do sistema de transmiss\u00e3o de energia. O profissional ser\u00e1 respons\u00e1vel pelo planejamento e coordena\u00e7\u00e3o de interven\u00e7\u00f5es programadas, garantindo que as opera\u00e7\u00f5es sejam realizadas de forma eficiente e segura antes da execu\u00e7\u00e3o pelo time de opera\u00e7\u00e3o em tempo real (COS). Principais [&hellip;]<\/p>\n","protected":false},"author":1,"featured_media":0,"comment_status":"open","ping_status":"open","sticky":false,"template":"","format":"standard","meta":{"footnotes":""},"categories":[21],"tags":[],"class_list":["post-3491","post","type-post","status-publish","format-standard","hentry","category-rio-de-janeiro-rj"],"_links":{"self":[{"href":"https:\/\/vagas.portalemprego.com.br\/index.php?rest_route=\/wp\/v2\/posts\/3491","targetHints":{"allow":["GET"]}}],"collection":[{"href":"https:\/\/vagas.portalemprego.com.br\/index.php?rest_route=\/wp\/v2\/posts"}],"about":[{"href":"https:\/\/vagas.portalemprego.com.br\/index.php?rest_route=\/wp\/v2\/types\/post"}],"author":[{"embeddable":true,"href":"https:\/\/vagas.portalemprego.com.br\/index.php?rest_route=\/wp\/v2\/users\/1"}],"replies":[{"embeddable":true,"href":"https:\/\/vagas.portalemprego.com.br\/index.php?rest_route=%2Fwp%2Fv2%2Fcomments&post=3491"}],"version-history":[{"count":0,"href":"https:\/\/vagas.portalemprego.com.br\/index.php?rest_route=\/wp\/v2\/posts\/3491\/revisions"}],"wp:attachment":[{"href":"https:\/\/vagas.portalemprego.com.br\/index.php?rest_route=%2Fwp%2Fv2%2Fmedia&parent=3491"}],"wp:term":[{"taxonomy":"category","embeddable":true,"href":"https:\/\/vagas.portalemprego.com.br\/index.php?rest_route=%2Fwp%2Fv2%2Fcategories&post=3491"},{"taxonomy":"post_tag","embeddable":true,"href":"https:\/\/vagas.portalemprego.com.br\/index.php?rest_route=%2Fwp%2Fv2%2Ftags&post=3491"}],"curies":[{"name":"wp","href":"https:\/\/api.w.org\/{rel}","templated":true}]}}