{"id":3497,"date":"2026-04-29T06:06:06","date_gmt":"2026-04-29T09:06:06","guid":{"rendered":"https:\/\/vagas.portalemprego.com.br\/?p=3497"},"modified":"2026-04-29T06:06:06","modified_gmt":"2026-04-29T09:06:06","slug":"lider-de-manutencao-construcao-manutencao-duque-de-caxias-2","status":"publish","type":"post","link":"https:\/\/vagas.portalemprego.com.br\/?p=3497","title":{"rendered":"L\u00edder de Manuten\u00e7\u00e3o &#8211; Constru\u00e7\u00e3o, Manuten\u00e7\u00e3o &#8211; Duque de Caxias"},"content":{"rendered":"<p>Planeja, orienta e executa as atividades de manuten\u00e7\u00e3o preventiva programada de m\u00e1quinas e equipamentos, incluindo instala\u00e7\u00f5es prediais, embarca\u00e7\u00f5es e ve\u00edculos;<br \/>\nDistribui as tarefas de manuten\u00e7\u00e3o, orientando e acompanhando a execu\u00e7\u00e3o, determinando prioridades;<br \/>\nAcompanha os operadores quanto ao cumprimento do plano de manuten\u00e7\u00e3o preventiva programada, bem como coordena e executa os servi\u00e7os de manuten\u00e7\u00e3o corretiva de m\u00e1quinas e equipamentos, ve\u00edculos e embarca\u00e7\u00f5es, incluindo o controle de estoque dos materiais e produtos utilizados;<br \/>\nConfere e registra o estado de conserva\u00e7\u00e3o e uso dos equipamentos e materiais existentes, incluindo os servi\u00e7os de reparo e manuten\u00e7\u00e3o realizados, al\u00e9m da necessidade de servi\u00e7os externos ou de terceiros;<br \/>\nComunica ao Coordenador Operacional ou Gerente da Unidade Operacional (UO), quanto a necessidades de atividades extras para a preven\u00e7\u00e3o de acidentes ou irregularidades no uso de equipamentos ou a baixa para aplica\u00e7\u00e3o de t\u00e9cnicas e procedimentos especializados;<br \/>\nAplica treinamento local das t\u00e9cnicas de manuten\u00e7\u00e3o preventiva e corretiva dos equipamentos \u00e0s equipes operacionais;<br \/>\nOrienta os operadores na sele\u00e7\u00e3o, escolha e separa\u00e7\u00e3o dos materiais, equipamentos e embarca\u00e7\u00f5es destinados ao atendimento das emerg\u00eancias, verificando suas condi\u00e7\u00f5es t\u00e9cnicas e controlando o embarque nos caminh\u00f5es;<br \/>\nParticipa do conjunto de a\u00e7\u00f5es para o atendimento de emerg\u00eancia, carregando e transportando os equipamentos, efetuando translado do pessoal, lan\u00e7ando barreiras ou operando equipamentos diversos;<br \/>\nResponde pela \u00e1rea de manuten\u00e7\u00e3o disponibilizada durante o atendimento de emerg\u00eancia, relacionada ao recebimento, an\u00e1lise e reparos dos equipamentos em uso durante a opera\u00e7\u00e3o;<br \/>\nAuxilia na libera\u00e7\u00e3o das notas fiscais junto aos prestadores de servi\u00e7os, e encaminhando-as a secretaria da unidade local de trabalho;<br \/>\nAtende prontamente o telefone de \u201cEMERG\u00caNCIA\u201d, registrando os dados da ocorr\u00eancia e notificando o respons\u00e1vel imediato;<br \/>\nParticipa de treinamentos das \u00e1reas de seguran\u00e7a do trabalho, sa\u00fade e meio ambiente;<br \/>\nParticipa e acompanha a realiza\u00e7\u00e3o dos treinamentos operacionais internos e externos, bem como dos simulados de atendimento \u00e0s emerg\u00eancias;<br \/>\nAcompanha os servi\u00e7os de terceiros na manuten\u00e7\u00e3o dos equipamentos lotados na unidade local de trabalho;<br \/>\nAvalia a conduta profissional e comportamental dos operadores sob seu comando, visando detectar sinais de fadiga f\u00edsica ou mental, que possam interferir na execu\u00e7\u00e3o dos trabalhos, incluindo a\u00e7\u00f5es inadequadas ou atos inseguros;<br \/>\nAuxilia na organiza\u00e7\u00e3o e disciplina da equipe de trabalho, incluindo a montagem e controle da escala de hor\u00e1rio do pessoal, bem como substitui o L\u00edder de Opera\u00e7\u00e3o em seu impedimento ou aus\u00eancia;<br \/>\nComunica aos seus superiores hier\u00e1rquicos a ocorr\u00eancia de fatos ocorridos ou situa\u00e7\u00f5es adversas por parte de funcion\u00e1rios ou terceiros que possam causar danos materiais, preju\u00edzos financeiros;<br \/>\nAssegura o sigilo de todas as informa\u00e7\u00f5es referentes \u00e0 empresa e o Cliente;<br \/>\nUtiliza e supervisiona a utiliza\u00e7\u00e3o correta dos EPI\u2019s e assegura que suas atividades e aquelas sob sua responsabilidade atendam as normas e procedimentos de seguran\u00e7a do trabalho, sa\u00fade e meio ambiente (SMS);<br \/>\nCumpre e assegura o cumprimento das normas e regulamentos da empresa e do Cliente;<br \/>\nEstimula um ambiente de coopera\u00e7\u00e3o, integra\u00e7\u00e3o e respeito entre as equipes de trabalho, demais departamentos da empresa e cliente;<br \/>\nAuxilia a chefia na disciplina do pessoal e informa\u00e7\u00f5es sobre a motiva\u00e7\u00e3o e desempenho;<br \/>\nMant\u00e9m limpo e organizado o local de trabalho, bem como os equipamentos, ferramentas e materiais, incluindo al\u00e9m da oficina o paiol de armazenamento de inflam\u00e1veis;<\/p>\n<ul>\n<li>Local de trabalho: Duque de Caxias, RJ<\/li>\n<li>Regime de contrata\u00e7\u00e3o de tipo: Efetivo \u2013 CLT<\/li>\n<li>Jornada: Per\u00edodo Integral<\/li>\n<li>\u00c1rea e especializa\u00e7\u00e3o profissional: Constru\u00e7\u00e3o, Manuten\u00e7\u00e3o &#8211; Manuten\u00e7\u00e3o em Geral<\/li>\n<li>N\u00edvel hier\u00e1rquico: Encarregado<\/li>\n<\/ul>\n<p>VALORIZADO<\/p>\n<p>Tempo de experi\u00eancia: Entre 3 e 5 anos<\/p>\n<p>HABILIDADES<\/p>\n<ul>\n<li>Trabalho em equipe<\/li>\n<li>Comunica\u00e7\u00e3o eficaz<\/li>\n<li>Participa\u00e7\u00e3o em treinamentos e simulados de emerg\u00eancia<\/li>\n<li>SMS<\/li>\n<li>Organiza\u00e7\u00e3o de equipamentos e materiais operacionais<\/li>\n<li>Opera\u00e7\u00e3o e manuten\u00e7\u00e3o de equipamentos de emerg\u00eancia<\/li>\n<li>Gest\u00e3o de Manuten\u00e7\u00e3o Preventiva e Corretiva<\/li>\n<li>Uso e fiscaliza\u00e7\u00e3o de EPI\u2019s<\/li>\n<\/ul>\n<p>Escolaridade M\u00ednima: Ensino M\u00e9dio (2\u00ba Grau)<\/p>\n<p>Forma\u00e7\u00e3o desejada:<\/p>\n<ul>\n<li>Mec\u00e2nica, Curso T\u00e9cnico<\/li>\n<li>Eletroeletr\u00f4nica, Curso T\u00e9cnico<\/li>\n<li>Mecatr\u00f4nica, Curso T\u00e9cnico<\/li>\n<\/ul>\n<ul>\n<li>Vale refei\u00e7\u00e3o<\/li>\n<li>Vale alimenta\u00e7\u00e3o<\/li>\n<li>Seguro de vida<\/li>\n<li>Assist\u00eancia m\u00e9dica<\/li>\n<li>Assist\u00eancia odontol\u00f3gica<\/li>\n<li>Cart\u00e3o farm\u00e1cia<\/li>\n<li>Totalpass<\/li>\n<\/ul>\n<p>Sal\u00e1rio: 3231,0<\/p>\n","protected":false},"excerpt":{"rendered":"<p>Planeja, orienta e executa as atividades de manuten\u00e7\u00e3o preventiva programada de m\u00e1quinas e equipamentos, incluindo instala\u00e7\u00f5es prediais, embarca\u00e7\u00f5es e ve\u00edculos; Distribui as tarefas de manuten\u00e7\u00e3o, orientando e acompanhando a execu\u00e7\u00e3o, determinando prioridades; Acompanha os operadores quanto ao cumprimento do plano de manuten\u00e7\u00e3o preventiva programada, bem como coordena e executa os servi\u00e7os de manuten\u00e7\u00e3o corretiva de [&hellip;]<\/p>\n","protected":false},"author":1,"featured_media":0,"comment_status":"open","ping_status":"open","sticky":false,"template":"","format":"standard","meta":{"footnotes":""},"categories":[21],"tags":[],"class_list":["post-3497","post","type-post","status-publish","format-standard","hentry","category-rio-de-janeiro-rj"],"_links":{"self":[{"href":"https:\/\/vagas.portalemprego.com.br\/index.php?rest_route=\/wp\/v2\/posts\/3497","targetHints":{"allow":["GET"]}}],"collection":[{"href":"https:\/\/vagas.portalemprego.com.br\/index.php?rest_route=\/wp\/v2\/posts"}],"about":[{"href":"https:\/\/vagas.portalemprego.com.br\/index.php?rest_route=\/wp\/v2\/types\/post"}],"author":[{"embeddable":true,"href":"https:\/\/vagas.portalemprego.com.br\/index.php?rest_route=\/wp\/v2\/users\/1"}],"replies":[{"embeddable":true,"href":"https:\/\/vagas.portalemprego.com.br\/index.php?rest_route=%2Fwp%2Fv2%2Fcomments&post=3497"}],"version-history":[{"count":0,"href":"https:\/\/vagas.portalemprego.com.br\/index.php?rest_route=\/wp\/v2\/posts\/3497\/revisions"}],"wp:attachment":[{"href":"https:\/\/vagas.portalemprego.com.br\/index.php?rest_route=%2Fwp%2Fv2%2Fmedia&parent=3497"}],"wp:term":[{"taxonomy":"category","embeddable":true,"href":"https:\/\/vagas.portalemprego.com.br\/index.php?rest_route=%2Fwp%2Fv2%2Fcategories&post=3497"},{"taxonomy":"post_tag","embeddable":true,"href":"https:\/\/vagas.portalemprego.com.br\/index.php?rest_route=%2Fwp%2Fv2%2Ftags&post=3497"}],"curies":[{"name":"wp","href":"https:\/\/api.w.org\/{rel}","templated":true}]}}