{"id":3498,"date":"2026-04-29T06:06:06","date_gmt":"2026-04-29T09:06:06","guid":{"rendered":"https:\/\/vagas.portalemprego.com.br\/?p=3498"},"modified":"2026-04-29T06:06:06","modified_gmt":"2026-04-29T09:06:06","slug":"analista-de-negociacao-de-fretes-logistica-rio-de-janeiro","status":"publish","type":"post","link":"https:\/\/vagas.portalemprego.com.br\/?p=3498","title":{"rendered":"Analista de Negocia\u00e7\u00e3o de Fretes &#8211; Log\u00edstica &#8211; Rio de Janeiro"},"content":{"rendered":"<p>A Adecco L\u00edder mundial em Recursos Humanos, a Adecco est\u00e1 presente em 60 pa\u00edses, por meio de uma rede de 5.500 delega\u00e7\u00f5es que diariamente proporcionam emprego a 700.000 pessoas e prestam servi\u00e7os a mais de 100.000 empresas. Faz parte da Fortune Global 500 e est\u00e1 cotada na bolsa de Zurique. A Adecco possui uma estrutura global orientada para a oferta de solu\u00e7\u00f5es integradas em Recursos Humanos, com o compromisso de desenvolver continuamente servi\u00e7os eficazes e competitivos para seus clientes.<br \/>\nAssessoramos importante empresa.<\/p>\n<p>Objetivo do cargo<br \/>\n Respons\u00e1vel por realizar o atendimento aos clientes e agentes, elaborando e gerenciando cota\u00e7\u00f5es de fretes e servi\u00e7os log\u00edsticos internacionais. O profissional atua na an\u00e1lise das solicita\u00e7\u00f5es, negocia\u00e7\u00e3o com fornecedores e defini\u00e7\u00e3o das melhores solu\u00e7\u00f5es de transporte, garantindo viabilidade operacional, competitividade de custos e qualidade no atendimento.<br \/>\nRequisitos<br \/>\nEnsino superior completo ou em andamento em Com\u00e9rcio Exterior, Rela\u00e7\u00f5es Internacionais, Administra\u00e7\u00e3o ou \u00e1reas correlatas, ou experi\u00eancia em agenciamento de cargas\/log\u00edstica internacional.<br \/>\nExperi\u00eancia com cota\u00e7\u00f5es internacionais e conhecimento em log\u00edstica, embarques e agenciamento de cargas.<br \/>\nDom\u00ednio do Pacote Office e facilidade com ERPs e sistemas web.<br \/>\nIngl\u00eas intermedi\u00e1rio\/avan\u00e7ado.<br \/>\nBoa comunica\u00e7\u00e3o, organiza\u00e7\u00e3o, capacidade de trabalho em equipe, responsabilidade, maturidade emocional e habilidade para lidar com prazos e press\u00e3o.<br \/>\nPrincipais atividades<br \/>\nRealizar atendimento a clientes e parceiros por telefone e e-mail.<br \/>\nElaborar, enviar e acompanhar propostas comerciais e cota\u00e7\u00f5es.<br \/>\nAnalisar solicita\u00e7\u00f5es de clientes, verificando viabilidade, riscos e informa\u00e7\u00f5es necess\u00e1rias para os processos.<br \/>\nSolicitar e negociar cota\u00e7\u00f5es com armadores, coloaders, transportadoras e demais fornecedores.<br \/>\nComparar propostas recebidas, avaliando rotas, custos, transit time e condi\u00e7\u00f5es operacionais.<br \/>\nValidar valores e condi\u00e7\u00f5es com fornecedores e confirmar servi\u00e7os ap\u00f3s aprova\u00e7\u00e3o.<br \/>\nFornecer instru\u00e7\u00f5es e suporte \u00e0s \u00e1reas respons\u00e1veis pelas etapas operacionais.<br \/>\nDesenvolver e homologar novos parceiros comerciais, mantendo relacionamentos estrat\u00e9gicos.<br \/>\nSolicitar feedback dos clientes sobre cota\u00e7\u00f5es e opera\u00e7\u00f5es realizadas.<\/p>\n<ul>\n<li>Local de trabalho: Rio de Janeiro, RJ<\/li>\n<li>Regime de contrata\u00e7\u00e3o de tipo: Efetivo \u2013 CLT<\/li>\n<li>Jornada: Per\u00edodo Integral<\/li>\n<li>\u00c1rea e especializa\u00e7\u00e3o profissional: Log\u00edstica &#8211; Transporte<\/li>\n<li>N\u00edvel hier\u00e1rquico: Analista<\/li>\n<\/ul>\n<p>Escolaridade M\u00ednima: Ensino Superior<\/p>\n","protected":false},"excerpt":{"rendered":"<p>A Adecco L\u00edder mundial em Recursos Humanos, a Adecco est\u00e1 presente em 60 pa\u00edses, por meio de uma rede de 5.500 delega\u00e7\u00f5es que diariamente proporcionam emprego a 700.000 pessoas e prestam servi\u00e7os a mais de 100.000 empresas. Faz parte da Fortune Global 500 e est\u00e1 cotada na bolsa de Zurique. A Adecco possui uma estrutura [&hellip;]<\/p>\n","protected":false},"author":1,"featured_media":0,"comment_status":"open","ping_status":"open","sticky":false,"template":"","format":"standard","meta":{"footnotes":""},"categories":[21],"tags":[],"class_list":["post-3498","post","type-post","status-publish","format-standard","hentry","category-rio-de-janeiro-rj"],"_links":{"self":[{"href":"https:\/\/vagas.portalemprego.com.br\/index.php?rest_route=\/wp\/v2\/posts\/3498","targetHints":{"allow":["GET"]}}],"collection":[{"href":"https:\/\/vagas.portalemprego.com.br\/index.php?rest_route=\/wp\/v2\/posts"}],"about":[{"href":"https:\/\/vagas.portalemprego.com.br\/index.php?rest_route=\/wp\/v2\/types\/post"}],"author":[{"embeddable":true,"href":"https:\/\/vagas.portalemprego.com.br\/index.php?rest_route=\/wp\/v2\/users\/1"}],"replies":[{"embeddable":true,"href":"https:\/\/vagas.portalemprego.com.br\/index.php?rest_route=%2Fwp%2Fv2%2Fcomments&post=3498"}],"version-history":[{"count":0,"href":"https:\/\/vagas.portalemprego.com.br\/index.php?rest_route=\/wp\/v2\/posts\/3498\/revisions"}],"wp:attachment":[{"href":"https:\/\/vagas.portalemprego.com.br\/index.php?rest_route=%2Fwp%2Fv2%2Fmedia&parent=3498"}],"wp:term":[{"taxonomy":"category","embeddable":true,"href":"https:\/\/vagas.portalemprego.com.br\/index.php?rest_route=%2Fwp%2Fv2%2Fcategories&post=3498"},{"taxonomy":"post_tag","embeddable":true,"href":"https:\/\/vagas.portalemprego.com.br\/index.php?rest_route=%2Fwp%2Fv2%2Ftags&post=3498"}],"curies":[{"name":"wp","href":"https:\/\/api.w.org\/{rel}","templated":true}]}}