{"id":3500,"date":"2026-04-29T06:06:06","date_gmt":"2026-04-29T09:06:06","guid":{"rendered":"https:\/\/vagas.portalemprego.com.br\/?p=3500"},"modified":"2026-04-29T06:06:06","modified_gmt":"2026-04-29T09:06:06","slug":"assistente-de-controladoria-juridica-juridica-rio-de-janeiro","status":"publish","type":"post","link":"https:\/\/vagas.portalemprego.com.br\/?p=3500","title":{"rendered":"ASSISTENTE DE CONTROLADORIA JUR\u00cdDICA &#8211; Jur\u00eddica &#8211; Rio de Janeiro"},"content":{"rendered":"<p>Escrit\u00f3rio de Advocacia do Rio de Janeiro\/RJ contrata:<br \/>\nASSISTENTE DE CONTROLADORIA JUR\u00cdDICA<br \/>\nRegime de Contrata\u00e7\u00e3o: CLT<br \/>\nRemunera\u00e7\u00e3o: R$3.200,00 a R$3.500,00 (a depender da experi\u00eancia)<br \/>\nBenef\u00edcios: Vale transporte, Vale Alimenta\u00e7\u00e3o (alelo no valor de 519,50) e plano de sa\u00fade ap\u00f3s 3 meses, seguro de vida<br \/>\nFormato de trabalho: presencial<br \/>\nHor\u00e1rio de trabalho: de segunda a sexta-feira, das 10:00h \u00e0s 19:00h, com 1h de intervalo<br \/>\nResidente: residente no Rio de Janeiro\/RJ.<\/p>\n<p>Ensino m\u00e9dio completo;<br \/>\nGradua\u00e7\u00e3o em curso ou conclu\u00edda em Administra\u00e7\u00e3o, Direito, Processos Gerenciais ou \u00e1reas correlatas ser\u00e1 um diferencial.<br \/>\nExperi\u00eancia como assistente de controladoria jur\u00eddica em escrit\u00f3rio de advocacia; viv\u00eancia em Contencioso C\u00edvel e Trabalhista ser\u00e1 valorizada;<br \/>\nConhecimento em processamento eletr\u00f4nico, contagem de prazos, processos e publica\u00e7\u00f5es;<br \/>\nNecess\u00e1rio conhecimento em software jur\u00eddico de gest\u00e3o Astrea e KPI.<br \/>\nConhecimento intermedi\u00e1rio do Pacote Office, principalmente Excel, Power BI, ferramentas como IA ser\u00e3o valorizadas.<br \/>\nPerfil executor, organizado, proativo, respons\u00e1vel, com foco na tarefa, colaborativo e com habilidades de gest\u00e3o de tempo.<br \/>\nDisponibilidade para in\u00edcio imediato.<br \/>\nAtividades: auxiliar no controle e acompanhamento de prazos judiciais e administrativos, alimentar e atualizar sistemas jur\u00eddicos (internos e externos), apoiar na compila\u00e7\u00e3o de dados para relat\u00f3rios, cadastrar e realizar a manuten\u00e7\u00e3o de informa\u00e7\u00f5es cadastrais de processos e clientes, auxiliar no cumprimento de dilig\u00eancias e protocolos eletr\u00f4nicos, prestar suporte \u00e0 equipe jur\u00eddica e aos advogados em demais rotinas administrativas pertinentes \u00e0 fun\u00e7\u00e3o.<\/p>\n<ul>\n<li>Local de trabalho: Rio de Janeiro, RJ<\/li>\n<li>Regime de contrata\u00e7\u00e3o de tipo: Efetivo \u2013 CLT<\/li>\n<li>Jornada: Per\u00edodo Integral<\/li>\n<li>\u00c1rea e especializa\u00e7\u00e3o profissional: Jur\u00eddica &#8211; Advocacia Geral<\/li>\n<li>N\u00edvel hier\u00e1rquico: Assistente<\/li>\n<\/ul>\n<p>Escolaridade M\u00ednima: Ensino M\u00e9dio (2\u00ba Grau)<\/p>\n<ul>\n<li>Vale transporte, Vale Alimenta\u00e7\u00e3o (alelo no valor de 519,50)<\/li>\n<li>plano de sa\u00fade ap\u00f3s 3 meses<\/li>\n<\/ul>\n<p>Sal\u00e1rio: 3500,0<\/p>\n","protected":false},"excerpt":{"rendered":"<p>Escrit\u00f3rio de Advocacia do Rio de Janeiro\/RJ contrata: ASSISTENTE DE CONTROLADORIA JUR\u00cdDICA Regime de Contrata\u00e7\u00e3o: CLT Remunera\u00e7\u00e3o: R$3.200,00 a R$3.500,00 (a depender da experi\u00eancia) Benef\u00edcios: Vale transporte, Vale Alimenta\u00e7\u00e3o (alelo no valor de 519,50) e plano de sa\u00fade ap\u00f3s 3 meses, seguro de vida Formato de trabalho: presencial Hor\u00e1rio de trabalho: de segunda a sexta-feira, [&hellip;]<\/p>\n","protected":false},"author":1,"featured_media":0,"comment_status":"open","ping_status":"open","sticky":false,"template":"","format":"standard","meta":{"footnotes":""},"categories":[21],"tags":[],"class_list":["post-3500","post","type-post","status-publish","format-standard","hentry","category-rio-de-janeiro-rj"],"_links":{"self":[{"href":"https:\/\/vagas.portalemprego.com.br\/index.php?rest_route=\/wp\/v2\/posts\/3500","targetHints":{"allow":["GET"]}}],"collection":[{"href":"https:\/\/vagas.portalemprego.com.br\/index.php?rest_route=\/wp\/v2\/posts"}],"about":[{"href":"https:\/\/vagas.portalemprego.com.br\/index.php?rest_route=\/wp\/v2\/types\/post"}],"author":[{"embeddable":true,"href":"https:\/\/vagas.portalemprego.com.br\/index.php?rest_route=\/wp\/v2\/users\/1"}],"replies":[{"embeddable":true,"href":"https:\/\/vagas.portalemprego.com.br\/index.php?rest_route=%2Fwp%2Fv2%2Fcomments&post=3500"}],"version-history":[{"count":0,"href":"https:\/\/vagas.portalemprego.com.br\/index.php?rest_route=\/wp\/v2\/posts\/3500\/revisions"}],"wp:attachment":[{"href":"https:\/\/vagas.portalemprego.com.br\/index.php?rest_route=%2Fwp%2Fv2%2Fmedia&parent=3500"}],"wp:term":[{"taxonomy":"category","embeddable":true,"href":"https:\/\/vagas.portalemprego.com.br\/index.php?rest_route=%2Fwp%2Fv2%2Fcategories&post=3500"},{"taxonomy":"post_tag","embeddable":true,"href":"https:\/\/vagas.portalemprego.com.br\/index.php?rest_route=%2Fwp%2Fv2%2Ftags&post=3500"}],"curies":[{"name":"wp","href":"https:\/\/api.w.org\/{rel}","templated":true}]}}