{"id":3502,"date":"2026-04-29T06:06:06","date_gmt":"2026-04-29T09:06:06","guid":{"rendered":"https:\/\/vagas.portalemprego.com.br\/?p=3502"},"modified":"2026-04-29T06:06:06","modified_gmt":"2026-04-29T09:06:06","slug":"eletrotecnico-construcao-manutencao-porto-real","status":"publish","type":"post","link":"https:\/\/vagas.portalemprego.com.br\/?p=3502","title":{"rendered":"Eletrot\u00e9cnico &#8211; Constru\u00e7\u00e3o, Manuten\u00e7\u00e3o &#8211; Porto Real"},"content":{"rendered":"<p>Atividades:<br \/>\nRealizar e diagnosticar as manuten\u00e7\u00f5es preditivas, preventivas e corretivas em m\u00e1quinas, equipamentos PLC (Programador L\u00f3gico Control\u00e1vel), linhas automatizadas e utilidades, atuando com qualidade e presteza, visando a seguran\u00e7a, redu\u00e7\u00e3o do tempo de parada e maior disponibilidade produtiva dos meios de produ\u00e7\u00e3o, orientando-se por cat\u00e1logos, desenhos, procedimentos e padr\u00f5es t\u00e9cnicos estabelecidos pela Empresa.<\/p>\n<ul>\n<li>Local de trabalho: Porto Real, RJ<\/li>\n<li>Regime de contrata\u00e7\u00e3o de tipo: Efetivo \u2013 CLT<\/li>\n<li>Jornada: Per\u00edodo Integral<\/li>\n<li>\u00c1rea e especializa\u00e7\u00e3o profissional: Constru\u00e7\u00e3o, Manuten\u00e7\u00e3o &#8211; Eletricista \/ Manuten\u00e7\u00e3o El\u00e9trica<\/li>\n<li>N\u00edvel hier\u00e1rquico: Especialista<\/li>\n<\/ul>\n<p>VALORIZADO<\/p>\n<p>Tempo de experi\u00eancia: Entre 3 e 5 anos<\/p>\n<p>HABILIDADES<\/p>\n<ul>\n<li>Experi\u00eancia em PLC e manuten\u00e7\u00e3o el\u00e9trica preventiva e corretiva em m\u00e1quinas industriais.<\/li>\n<li>NR 10<\/li>\n<li>Forma\u00e7\u00e3o T\u00e9cnico Eletrot\u00e9cnica\/Eletr\u00f4nica\/Automa\u00e7\u00e3o ou afins.<\/li>\n<\/ul>\n<p>Escolaridade M\u00ednima: Curso T\u00e9cnico<\/p>\n<ul>\n<li>Plano de Sa\u00fade,\u00a0 Cart\u00e3o Alimenta\u00e7\u00e3o,\u00a0 Plano Odontol\u00f3gico,\u00a0 Seguro de Vida,\u00a0 Transporte,\u00a0 PLR<\/li>\n<\/ul>\n","protected":false},"excerpt":{"rendered":"<p>Atividades: Realizar e diagnosticar as manuten\u00e7\u00f5es preditivas, preventivas e corretivas em m\u00e1quinas, equipamentos PLC (Programador L\u00f3gico Control\u00e1vel), linhas automatizadas e utilidades, atuando com qualidade e presteza, visando a seguran\u00e7a, redu\u00e7\u00e3o do tempo de parada e maior disponibilidade produtiva dos meios de produ\u00e7\u00e3o, orientando-se por cat\u00e1logos, desenhos, procedimentos e padr\u00f5es t\u00e9cnicos estabelecidos pela Empresa. Local de [&hellip;]<\/p>\n","protected":false},"author":1,"featured_media":0,"comment_status":"open","ping_status":"open","sticky":false,"template":"","format":"standard","meta":{"footnotes":""},"categories":[21],"tags":[],"class_list":["post-3502","post","type-post","status-publish","format-standard","hentry","category-rio-de-janeiro-rj"],"_links":{"self":[{"href":"https:\/\/vagas.portalemprego.com.br\/index.php?rest_route=\/wp\/v2\/posts\/3502","targetHints":{"allow":["GET"]}}],"collection":[{"href":"https:\/\/vagas.portalemprego.com.br\/index.php?rest_route=\/wp\/v2\/posts"}],"about":[{"href":"https:\/\/vagas.portalemprego.com.br\/index.php?rest_route=\/wp\/v2\/types\/post"}],"author":[{"embeddable":true,"href":"https:\/\/vagas.portalemprego.com.br\/index.php?rest_route=\/wp\/v2\/users\/1"}],"replies":[{"embeddable":true,"href":"https:\/\/vagas.portalemprego.com.br\/index.php?rest_route=%2Fwp%2Fv2%2Fcomments&post=3502"}],"version-history":[{"count":0,"href":"https:\/\/vagas.portalemprego.com.br\/index.php?rest_route=\/wp\/v2\/posts\/3502\/revisions"}],"wp:attachment":[{"href":"https:\/\/vagas.portalemprego.com.br\/index.php?rest_route=%2Fwp%2Fv2%2Fmedia&parent=3502"}],"wp:term":[{"taxonomy":"category","embeddable":true,"href":"https:\/\/vagas.portalemprego.com.br\/index.php?rest_route=%2Fwp%2Fv2%2Fcategories&post=3502"},{"taxonomy":"post_tag","embeddable":true,"href":"https:\/\/vagas.portalemprego.com.br\/index.php?rest_route=%2Fwp%2Fv2%2Ftags&post=3502"}],"curies":[{"name":"wp","href":"https:\/\/api.w.org\/{rel}","templated":true}]}}