{"id":3503,"date":"2026-04-29T06:06:06","date_gmt":"2026-04-29T09:06:06","guid":{"rendered":"https:\/\/vagas.portalemprego.com.br\/?p=3503"},"modified":"2026-04-29T06:06:06","modified_gmt":"2026-04-29T09:06:06","slug":"analista-de-marketing-crm-marketing-rio-de-janeiro","status":"publish","type":"post","link":"https:\/\/vagas.portalemprego.com.br\/?p=3503","title":{"rendered":"Analista de Marketing &#8211; CRM &#8211; Marketing &#8211; Rio de Janeiro"},"content":{"rendered":"<p>Sobre a oportunidade:<br \/>\nEstamos em busca de um Analista de Marketing &#8211; CRM para fazer parte do nosso time na Haytek Lentes Oft\u00e1lmicas! Se voc\u00ea \u00e9 din\u00e2mico(a), organizado(a), criativo(a) e busca um ambiente desafiador com foco em inova\u00e7\u00e3o e melhorias cont\u00ednuas, essa vaga \u00e9 para voc\u00ea!<\/p>\n<p>O que voc\u00ea far\u00e1 no dia a dia:<br \/>\nDesenvolver campanhas de engajamento e fideliza\u00e7\u00e3o no CRM;<br \/>\nGarantir a manuten\u00e7\u00e3o e higieniza\u00e7\u00e3o da base de clientes junto ao time comercial;<br \/>\nEstruturar e otimizar a jornada do cliente no CRM, garantindo a efic\u00e1cia do funil de vendas;<br \/>\nCriar estrat\u00e9gias de reativa\u00e7\u00e3o de clientes e aprimorar o mix de produtos;<br \/>\nPlanejar e executar a\u00e7\u00f5es estrat\u00e9gicas e campanhas sazonais;<br \/>\nDesenvolver fluxos automatizados e r\u00e9guas de comunica\u00e7\u00e3o para convers\u00e3o e relacionamento;<br \/>\nGerenciar campanhas de E-mail Marketing e WhatsApp, incluindo configura\u00e7\u00e3o, disparo e otimiza\u00e7\u00e3o;<br \/>\nMonitorar m\u00e9tricas, realizar testes e otimizar campanhas com base em dados;<br \/>\nColaborar com equipes internas para alinhar estrat\u00e9gias e aprimorar performance;<br \/>\nRelacionamento com fornecedores e gest\u00e3o de programas de relacionamento.<\/p>\n<p> O que buscamos:<br \/>\nGradua\u00e7\u00e3o em Marketing, Comunica\u00e7\u00e3o Social (Publicidade e Propaganda), Administra\u00e7\u00e3o com \u00eanfase em Marketing ou equivalentes;<br \/>\nExperi\u00eancia com CRM, segmenta\u00e7\u00e3o, funil de vendas e r\u00e9guas de relacionamento;<br \/>\nHabilidade com an\u00e1lise de dados;<br \/>\nDom\u00ednio do Microsoft Office, principalmente Excel e PowerPoint;<br \/>\nFacilidade com Google Workspace;<br \/>\nConhecimentos b\u00e1sicos de ferramentas de IA (ChatGPT, Gemini, Copilot, Claude etc.).<\/p>\n<p>Diferenciais que nos encantar\u00e3o:<br \/>\nViv\u00eancia com mercado B2B;<br \/>\nConhecimento em e-commerce;<br \/>\nConhecimento na ind\u00fastria \u00f3ptica;<br \/>\nNo\u00e7\u00f5es de HTML e CSS;<br \/>\nIngl\u00eas intermedi\u00e1rio;<br \/>\nExperi\u00eancia com o software Hubspot<\/p>\n<p>Outras informa\u00e7\u00f5es:<br \/>\nHor\u00e1rio de trabalho: Segunda a sexta, das 9h \u00e0s 18h<br \/>\nLocal de trabalho: S\u00e3o Crist\u00f3v\u00e3o<\/p>\n<p>Por que se juntar ao nosso time?<br \/>\nNa Haytek Lentes Oft\u00e1lmicas, voc\u00ea ter\u00e1 a chance de contribuir para o sucesso de uma empresa refer\u00eancia no segmento \u00f3tico, al\u00e9m de trabalhar em um ambiente colaborativo e que valoriza o desenvolvimento dos colaboradores.<\/p>\n<p>#VemSerHayteker #OportunidadeComercial #AnalistaComercial #HaytekLentesOft\u00e1lmicas<\/p>\n<ul>\n<li>Local de trabalho: Rio de Janeiro, RJ<\/li>\n<li>Regime de contrata\u00e7\u00e3o de tipo: Efetivo \u2013 CLT<\/li>\n<li>Jornada: Per\u00edodo Integral<\/li>\n<li>\u00c1rea e especializa\u00e7\u00e3o profissional: Marketing &#8211; Intelig\u00eancia de Mercado \/ Estrat\u00e9gia<\/li>\n<li>N\u00edvel hier\u00e1rquico: Analista<\/li>\n<\/ul>\n<p>VALORIZADO<\/p>\n<p>Tempo de experi\u00eancia: Entre 1 e 3 anos<\/p>\n<p>Escolaridade M\u00ednima: Ensino Superior<\/p>\n<ul>\n<li>Seguro de vida<\/li>\n<li>ILP (incentivo a longo prazo): Programa de a\u00e7\u00f5es para colaboradores que se tornam s\u00f3cios<\/li>\n<li>Empresa cidad\u00e3 (licen\u00e7a maternidade\/paternidade estendida)<\/li>\n<li>Servi\u00e7o Manicure<\/li>\n<li>2 pares de lentes para \u00f3culos a cada ano<\/li>\n<li>Day-off (folga no anivers\u00e1rio)<\/li>\n<li>Vale Refei\u00e7\u00e3o\/Alimenta\u00e7\u00e3o<\/li>\n<li>Vale Combust\u00edvel<\/li>\n<li>Conv\u00eanio Universidades<\/li>\n<li>Plano de sa\u00fade e odontol\u00f3gico<\/li>\n<li>TotalPass<\/li>\n<li>Conv\u00eanio Idiomas<\/li>\n<li>Gin\u00e1stica Laboral<\/li>\n<\/ul>\n","protected":false},"excerpt":{"rendered":"<p>Sobre a oportunidade: Estamos em busca de um Analista de Marketing &#8211; CRM para fazer parte do nosso time na Haytek Lentes Oft\u00e1lmicas! Se voc\u00ea \u00e9 din\u00e2mico(a), organizado(a), criativo(a) e busca um ambiente desafiador com foco em inova\u00e7\u00e3o e melhorias cont\u00ednuas, essa vaga \u00e9 para voc\u00ea! O que voc\u00ea far\u00e1 no dia a dia: Desenvolver [&hellip;]<\/p>\n","protected":false},"author":1,"featured_media":0,"comment_status":"open","ping_status":"open","sticky":false,"template":"","format":"standard","meta":{"footnotes":""},"categories":[21],"tags":[],"class_list":["post-3503","post","type-post","status-publish","format-standard","hentry","category-rio-de-janeiro-rj"],"_links":{"self":[{"href":"https:\/\/vagas.portalemprego.com.br\/index.php?rest_route=\/wp\/v2\/posts\/3503","targetHints":{"allow":["GET"]}}],"collection":[{"href":"https:\/\/vagas.portalemprego.com.br\/index.php?rest_route=\/wp\/v2\/posts"}],"about":[{"href":"https:\/\/vagas.portalemprego.com.br\/index.php?rest_route=\/wp\/v2\/types\/post"}],"author":[{"embeddable":true,"href":"https:\/\/vagas.portalemprego.com.br\/index.php?rest_route=\/wp\/v2\/users\/1"}],"replies":[{"embeddable":true,"href":"https:\/\/vagas.portalemprego.com.br\/index.php?rest_route=%2Fwp%2Fv2%2Fcomments&post=3503"}],"version-history":[{"count":0,"href":"https:\/\/vagas.portalemprego.com.br\/index.php?rest_route=\/wp\/v2\/posts\/3503\/revisions"}],"wp:attachment":[{"href":"https:\/\/vagas.portalemprego.com.br\/index.php?rest_route=%2Fwp%2Fv2%2Fmedia&parent=3503"}],"wp:term":[{"taxonomy":"category","embeddable":true,"href":"https:\/\/vagas.portalemprego.com.br\/index.php?rest_route=%2Fwp%2Fv2%2Fcategories&post=3503"},{"taxonomy":"post_tag","embeddable":true,"href":"https:\/\/vagas.portalemprego.com.br\/index.php?rest_route=%2Fwp%2Fv2%2Ftags&post=3503"}],"curies":[{"name":"wp","href":"https:\/\/api.w.org\/{rel}","templated":true}]}}