{"id":3504,"date":"2026-04-29T06:06:06","date_gmt":"2026-04-29T09:06:06","guid":{"rendered":"https:\/\/vagas.portalemprego.com.br\/?p=3504"},"modified":"2026-04-29T06:06:06","modified_gmt":"2026-04-29T09:06:06","slug":"encarregado-de-limpeza-hospitalar-servicos-gerais-rio-de-janeiro-2","status":"publish","type":"post","link":"https:\/\/vagas.portalemprego.com.br\/?p=3504","title":{"rendered":"Encarregado de Limpeza Hospitalar &#8211; Servi\u00e7os Gerais &#8211; Rio de Janeiro"},"content":{"rendered":"<p>Oportunidade: Estamos em busca de encarregado de Limpeza para se juntar ao nosso time. A posi\u00e7\u00e3o \u00e9 essencial para garantir a manuten\u00e7\u00e3o de um ambiente limpo e organizado em nossa sede.<br \/>\nFun\u00e7\u00f5es:<br \/>\nRealizar avalia\u00e7\u00e3o  regulares de limpeza em todas as \u00e1reas da empresa<br \/>\nCoordenar equipes de limpeza e supervisionar suas atividades<br \/>\nGarantir o cumprimento de normas de higiene e seguran\u00e7a<br \/>\nAcompanhar o uso de produtos de limpeza e equipamentos<br \/>\nReportar e corrigir problemas de limpeza imediatamente<\/p>\n<p>Requisitos:<br \/>\nExperi\u00eancia em gest\u00e3o de limpeza em ambientes hospitalar<br \/>\nConhecimento em normas de higiene e seguran\u00e7a<br \/>\nCapacidade de gerenciar e coordenar equipes<br \/>\nAtitude proativa e aten\u00e7\u00e3o aos detalhes<\/p>\n<p>Benef\u00edcios:<br \/>\nAmbiente de trabalho colaborativo e acolhedor<br \/>\nOportunidade de crescimento profissional<br \/>\nHor\u00e1rio comercial e ambiente seguro<\/p>\n<p>A TOP SERVICE SERVICOS E SISTEMAS S\/A oferece uma oportunidade de trabalho presencial, com um ambiente de trabalho que valoriza a efici\u00eancia e o bem-estar de todos os colaboradores.<\/p>\n<ul>\n<li>N\u00famero de vagas: 10<\/li>\n<li>Local de trabalho: Rio de Janeiro, RJ<\/li>\n<li>Regime de contrata\u00e7\u00e3o de tipo: Efetivo \u2013 CLT<\/li>\n<li>Jornada: Per\u00edodo Integral<\/li>\n<li>\u00c1rea e especializa\u00e7\u00e3o profissional: Servi\u00e7os Gerais &#8211; Limpeza<\/li>\n<li>N\u00edvel hier\u00e1rquico: Encarregado<\/li>\n<\/ul>\n<p>VALORIZADO<\/p>\n<p>Tempo de experi\u00eancia: Entre 1 e 3 anos<\/p>\n<p>Escolaridade M\u00ednima: Ensino Fundamental (1\u00ba grau)<\/p>\n<p>Sal\u00e1rio: 2161,45<\/p>\n","protected":false},"excerpt":{"rendered":"<p>Oportunidade: Estamos em busca de encarregado de Limpeza para se juntar ao nosso time. A posi\u00e7\u00e3o \u00e9 essencial para garantir a manuten\u00e7\u00e3o de um ambiente limpo e organizado em nossa sede. Fun\u00e7\u00f5es: Realizar avalia\u00e7\u00e3o regulares de limpeza em todas as \u00e1reas da empresa Coordenar equipes de limpeza e supervisionar suas atividades Garantir o cumprimento de [&hellip;]<\/p>\n","protected":false},"author":1,"featured_media":0,"comment_status":"open","ping_status":"open","sticky":false,"template":"","format":"standard","meta":{"footnotes":""},"categories":[21],"tags":[],"class_list":["post-3504","post","type-post","status-publish","format-standard","hentry","category-rio-de-janeiro-rj"],"_links":{"self":[{"href":"https:\/\/vagas.portalemprego.com.br\/index.php?rest_route=\/wp\/v2\/posts\/3504","targetHints":{"allow":["GET"]}}],"collection":[{"href":"https:\/\/vagas.portalemprego.com.br\/index.php?rest_route=\/wp\/v2\/posts"}],"about":[{"href":"https:\/\/vagas.portalemprego.com.br\/index.php?rest_route=\/wp\/v2\/types\/post"}],"author":[{"embeddable":true,"href":"https:\/\/vagas.portalemprego.com.br\/index.php?rest_route=\/wp\/v2\/users\/1"}],"replies":[{"embeddable":true,"href":"https:\/\/vagas.portalemprego.com.br\/index.php?rest_route=%2Fwp%2Fv2%2Fcomments&post=3504"}],"version-history":[{"count":0,"href":"https:\/\/vagas.portalemprego.com.br\/index.php?rest_route=\/wp\/v2\/posts\/3504\/revisions"}],"wp:attachment":[{"href":"https:\/\/vagas.portalemprego.com.br\/index.php?rest_route=%2Fwp%2Fv2%2Fmedia&parent=3504"}],"wp:term":[{"taxonomy":"category","embeddable":true,"href":"https:\/\/vagas.portalemprego.com.br\/index.php?rest_route=%2Fwp%2Fv2%2Fcategories&post=3504"},{"taxonomy":"post_tag","embeddable":true,"href":"https:\/\/vagas.portalemprego.com.br\/index.php?rest_route=%2Fwp%2Fv2%2Ftags&post=3504"}],"curies":[{"name":"wp","href":"https:\/\/api.w.org\/{rel}","templated":true}]}}