{"id":3505,"date":"2026-04-29T06:06:06","date_gmt":"2026-04-29T09:06:06","guid":{"rendered":"https:\/\/vagas.portalemprego.com.br\/?p=3505"},"modified":"2026-04-29T06:06:06","modified_gmt":"2026-04-29T09:06:06","slug":"operador-de-corte-e-vinco-industrial-producao-fabrica-niteroi","status":"publish","type":"post","link":"https:\/\/vagas.portalemprego.com.br\/?p=3505","title":{"rendered":"Operador de Corte e Vinco &#8211; Industrial, Produ\u00e7\u00e3o, F\u00e1brica &#8211; Niter\u00f3i"},"content":{"rendered":"<p>Oportunidade: A Gr\u00e1fica Power Print busca um Operador de Corte e Vinco para se juntar ao nosso time. Trabalhar conosco significa fazer parte de uma equipe dedicada \u00e0 excel\u00eancia na impress\u00e3o e acabamento de materiais gr\u00e1ficos.<br \/>\nFun\u00e7\u00f5es:<br \/>\nGerenciar o funcionamento das m\u00e1quinas de corte e vinco<br \/>\nAcompanhar o processo de corte e vinco para garantir a qualidade dos produtos<br \/>\nColaborar com outras \u00e1reas para otimizar o fluxo de produ\u00e7\u00e3o<br \/>\nRealizar ajustes e manuten\u00e7\u00e3o preventiva nas m\u00e1quinas<\/p>\n<p>Requisitos:<br \/>\nExperi\u00eancia em opera\u00e7\u00e3o de m\u00e1quinas de corte e vinco<br \/>\nConhecimento em t\u00e9cnicas de acabamento gr\u00e1fico<br \/>\nCapacidade de trabalhar em equipe e comunica\u00e7\u00e3o eficaz<br \/>\nPrepara\u00e7\u00e3o para aprender e adaptar-se a novas tecnologias<\/p>\n<p>Benef\u00edcios:<br \/>\nOferecemos um ambiente de trabalho colaborativo e din\u00e2mico<br \/>\nVoc\u00ea ter\u00e1 acesso a treinamentos cont\u00ednuos para desenvolvimento profissional<br \/>\nAmbiente de trabalho seguro e moderno<\/p>\n<p>A Gr\u00e1fica Power Print \u00e9 uma empresa que valoriza o crescimento profissional de seus colaboradores e oferece um ambiente de trabalho que prioriza a qualidade e a inova\u00e7\u00e3o.<\/p>\n<ul>\n<li>Local de trabalho: Niter\u00f3i, RJ<\/li>\n<li>Regime de contrata\u00e7\u00e3o de tipo: Efetivo \u2013 CLT<\/li>\n<li>Jornada: Per\u00edodo Integral<\/li>\n<li>\u00c1rea e especializa\u00e7\u00e3o profissional: Industrial, Produ\u00e7\u00e3o, F\u00e1brica &#8211; Operador de M\u00e1quinas<\/li>\n<li>N\u00edvel hier\u00e1rquico: Operacional<\/li>\n<\/ul>\n<p>Escolaridade M\u00ednima: Ensino Fundamental (1\u00ba grau)<\/p>\n<p>Sal\u00e1rio: 3800,0<\/p>\n","protected":false},"excerpt":{"rendered":"<p>Oportunidade: A Gr\u00e1fica Power Print busca um Operador de Corte e Vinco para se juntar ao nosso time. Trabalhar conosco significa fazer parte de uma equipe dedicada \u00e0 excel\u00eancia na impress\u00e3o e acabamento de materiais gr\u00e1ficos. Fun\u00e7\u00f5es: Gerenciar o funcionamento das m\u00e1quinas de corte e vinco Acompanhar o processo de corte e vinco para garantir [&hellip;]<\/p>\n","protected":false},"author":1,"featured_media":0,"comment_status":"open","ping_status":"open","sticky":false,"template":"","format":"standard","meta":{"footnotes":""},"categories":[21],"tags":[],"class_list":["post-3505","post","type-post","status-publish","format-standard","hentry","category-rio-de-janeiro-rj"],"_links":{"self":[{"href":"https:\/\/vagas.portalemprego.com.br\/index.php?rest_route=\/wp\/v2\/posts\/3505","targetHints":{"allow":["GET"]}}],"collection":[{"href":"https:\/\/vagas.portalemprego.com.br\/index.php?rest_route=\/wp\/v2\/posts"}],"about":[{"href":"https:\/\/vagas.portalemprego.com.br\/index.php?rest_route=\/wp\/v2\/types\/post"}],"author":[{"embeddable":true,"href":"https:\/\/vagas.portalemprego.com.br\/index.php?rest_route=\/wp\/v2\/users\/1"}],"replies":[{"embeddable":true,"href":"https:\/\/vagas.portalemprego.com.br\/index.php?rest_route=%2Fwp%2Fv2%2Fcomments&post=3505"}],"version-history":[{"count":0,"href":"https:\/\/vagas.portalemprego.com.br\/index.php?rest_route=\/wp\/v2\/posts\/3505\/revisions"}],"wp:attachment":[{"href":"https:\/\/vagas.portalemprego.com.br\/index.php?rest_route=%2Fwp%2Fv2%2Fmedia&parent=3505"}],"wp:term":[{"taxonomy":"category","embeddable":true,"href":"https:\/\/vagas.portalemprego.com.br\/index.php?rest_route=%2Fwp%2Fv2%2Fcategories&post=3505"},{"taxonomy":"post_tag","embeddable":true,"href":"https:\/\/vagas.portalemprego.com.br\/index.php?rest_route=%2Fwp%2Fv2%2Ftags&post=3505"}],"curies":[{"name":"wp","href":"https:\/\/api.w.org\/{rel}","templated":true}]}}