{"id":3506,"date":"2026-04-29T06:06:06","date_gmt":"2026-04-29T09:06:06","guid":{"rendered":"https:\/\/vagas.portalemprego.com.br\/?p=3506"},"modified":"2026-04-29T06:06:06","modified_gmt":"2026-04-29T09:06:06","slug":"auxiliar-administrativo-de-melhoria-continua-administracao-rio-de-janeiro","status":"publish","type":"post","link":"https:\/\/vagas.portalemprego.com.br\/?p=3506","title":{"rendered":"Auxiliar Administrativo de Melhoria Cont\u00ednua &#8211; Administra\u00e7\u00e3o &#8211; Rio de Janeiro"},"content":{"rendered":"<p>O Grupo Seres, em parceria com empresa nacional do segmento de ind\u00fastria farmac\u00eautica, seleciona profissional para atuar na fun\u00e7\u00e3o de Auxiliar Administrativo de Melhoria Cont\u00ednua.<\/p>\n<p>Requisitos:<br \/>\nEnsino M\u00e9dio Completo;<br \/>\nHabilidade com Pacote Office;<br \/>\nDisponibilidade para eventuais finais de semanas, se necess\u00e1rio.<\/p>\n<p>Diferencial:<br \/>\nCursando gradua\u00e7\u00e3o em Farm\u00e1cia, Administra\u00e7\u00e3o ou \u00e1reas afins;<br \/>\nExperi\u00eancia com o sistema SAP;<\/p>\n<p>Atividades:<br \/>\nAuxiliar na realiza\u00e7\u00e3o de atividades administrativas de apoio ao processo produtivo, efetuando lan\u00e7amentos, abrindo ordem de servi\u00e7o, realizando levantamentos em geral, elaborando, verificando e lan\u00e7ando no sistema informatizado a matriz de treinamento de todos os colaboradores da produ\u00e7\u00e3o, criando os eventos\/treinamentos, emitindo relat\u00f3rios, criando planilhas de apontamentos, realizando c\u00e1lculos, confer\u00eancias e controles, atendimento ao p\u00fablico interno da Produ\u00e7\u00e3o, organizando, atualizando e garantindo a manuten\u00e7\u00e3o de arquivos, emitindo correspond\u00eancias e documentos em geral, utilizando sistemas e ferramentas digitais disponibilizadas, a fim de colaborar na realiza\u00e7\u00e3o e manuten\u00e7\u00e3o das atividades, processos e procedimentos administrativos adotados.<\/p>\n<p>Hor\u00e1rio de trabalho:<br \/>\n08:00 \u00e0s 17:00<br \/>\n5&#215;2, segunda \u00e0 sexta<\/p>\n<p>Local de trabalho:<br \/>\nJacarepagu\u00e1, RJ &#8211; Brasil<br \/>\n100% Presencial<\/p>\n<ul>\n<li>Local de trabalho: Rio de Janeiro, RJ<\/li>\n<li>Regime de contrata\u00e7\u00e3o de tipo: Efetivo \u2013 CLT<\/li>\n<li>Jornada: Per\u00edodo Integral<\/li>\n<li>\u00c1rea e especializa\u00e7\u00e3o profissional: Administra\u00e7\u00e3o &#8211; Administra\u00e7\u00e3o Geral<\/li>\n<li>N\u00edvel hier\u00e1rquico: Auxiliar<\/li>\n<\/ul>\n<p>Escolaridade M\u00ednima: Ensino M\u00e9dio (2\u00ba Grau)<\/p>\n<p>Sal\u00e1rio: 2435,0<\/p>\n","protected":false},"excerpt":{"rendered":"<p>O Grupo Seres, em parceria com empresa nacional do segmento de ind\u00fastria farmac\u00eautica, seleciona profissional para atuar na fun\u00e7\u00e3o de Auxiliar Administrativo de Melhoria Cont\u00ednua. Requisitos: Ensino M\u00e9dio Completo; Habilidade com Pacote Office; Disponibilidade para eventuais finais de semanas, se necess\u00e1rio. Diferencial: Cursando gradua\u00e7\u00e3o em Farm\u00e1cia, Administra\u00e7\u00e3o ou \u00e1reas afins; Experi\u00eancia com o sistema SAP; [&hellip;]<\/p>\n","protected":false},"author":1,"featured_media":0,"comment_status":"open","ping_status":"open","sticky":false,"template":"","format":"standard","meta":{"footnotes":""},"categories":[21],"tags":[],"class_list":["post-3506","post","type-post","status-publish","format-standard","hentry","category-rio-de-janeiro-rj"],"_links":{"self":[{"href":"https:\/\/vagas.portalemprego.com.br\/index.php?rest_route=\/wp\/v2\/posts\/3506","targetHints":{"allow":["GET"]}}],"collection":[{"href":"https:\/\/vagas.portalemprego.com.br\/index.php?rest_route=\/wp\/v2\/posts"}],"about":[{"href":"https:\/\/vagas.portalemprego.com.br\/index.php?rest_route=\/wp\/v2\/types\/post"}],"author":[{"embeddable":true,"href":"https:\/\/vagas.portalemprego.com.br\/index.php?rest_route=\/wp\/v2\/users\/1"}],"replies":[{"embeddable":true,"href":"https:\/\/vagas.portalemprego.com.br\/index.php?rest_route=%2Fwp%2Fv2%2Fcomments&post=3506"}],"version-history":[{"count":0,"href":"https:\/\/vagas.portalemprego.com.br\/index.php?rest_route=\/wp\/v2\/posts\/3506\/revisions"}],"wp:attachment":[{"href":"https:\/\/vagas.portalemprego.com.br\/index.php?rest_route=%2Fwp%2Fv2%2Fmedia&parent=3506"}],"wp:term":[{"taxonomy":"category","embeddable":true,"href":"https:\/\/vagas.portalemprego.com.br\/index.php?rest_route=%2Fwp%2Fv2%2Fcategories&post=3506"},{"taxonomy":"post_tag","embeddable":true,"href":"https:\/\/vagas.portalemprego.com.br\/index.php?rest_route=%2Fwp%2Fv2%2Ftags&post=3506"}],"curies":[{"name":"wp","href":"https:\/\/api.w.org\/{rel}","templated":true}]}}