{"id":3508,"date":"2026-04-29T06:06:06","date_gmt":"2026-04-29T09:06:06","guid":{"rendered":"https:\/\/vagas.portalemprego.com.br\/?p=3508"},"modified":"2026-04-29T06:06:06","modified_gmt":"2026-04-29T09:06:06","slug":"gerente-ii-regiao-dos-lagos-e-serra-comercial-vendas-petropolis","status":"publish","type":"post","link":"https:\/\/vagas.portalemprego.com.br\/?p=3508","title":{"rendered":"Gerente II &#8211; Regi\u00e3o dos Lagos e Serra &#8211; Comercial, Vendas &#8211; Petr\u00f3polis"},"content":{"rendered":"<p>Gerente II \u2013 Voc\u00ea ser\u00e1 pe\u00e7a chave na garantia da melhor experi\u00eancia para nossos clientes e sucesso das lojas!<\/p>\n<p>Buscamos um(a) profissional com forte perfil de lideran\u00e7a e vis\u00e3o estrat\u00e9gica para atuar na gest\u00e3o operacional e comercial de nossas unidades. Voc\u00ea ser\u00e1 respons\u00e1vel por liderar equipes, garantir a excel\u00eancia no atendimento ao cliente, assegurar a efici\u00eancia das opera\u00e7\u00f5es e contribuir para o crescimento sustent\u00e1vel da loja, sempre promovendo o bem-estar dos pets e a melhor experi\u00eancia para nossos clientes.<\/p>\n<p>Suas principais responsabilidades:<br \/>\nLiderar, estruturar e desenvolver a equipe de colaboradores da loja, promovendo um ambiente de trabalho colaborativo e orientado a resultados.<br \/>\nRealizar acompanhamento individual da equipe, conduzindo reuni\u00f5es peri\u00f3dicas, feedbacks e a\u00e7\u00f5es de desenvolvimento.<br \/>\nGarantir a padroniza\u00e7\u00e3o dos processos operacionais e a qualidade no atendimento ao cliente.<br \/>\nGerenciar escalas de trabalho e assegurar a cobertura adequada das fun\u00e7\u00f5es da loja.<br \/>\nAtuar na integra\u00e7\u00e3o e treinamento de novos colaboradores.<br \/>\nAssegurar uma experi\u00eancia de atendimento diferenciada, promovendo a fideliza\u00e7\u00e3o de clientes.<br \/>\nGarantir que todos os servi\u00e7os prestados aos pets sejam realizados com qualidade, seguran\u00e7a e bem-estar animal.<br \/>\nPlanejar e apoiar a\u00e7\u00f5es promocionais e campanhas comerciais para impulsionar vendas e atrair novos clientes.<br \/>\nMonitorar planogramas, pre\u00e7os e estrat\u00e9gias comerciais, assegurando competitividade e rentabilidade.<br \/>\nSupervisionar o controle de estoque, reposi\u00e7\u00e3o de produtos e disponibilidade de insumos operacionais.<br \/>\nAcompanhar fluxo de caixa, fechamento di\u00e1rio e processos de recebimento, garantindo conformidade com as normas da empresa.<br \/>\nGerenciar ocorr\u00eancias relacionadas ao atendimento ao cliente, solucionando reclama\u00e7\u00f5es e garantindo a satisfa\u00e7\u00e3o do consumidor.<br \/>\nAutorizar opera\u00e7\u00f5es comerciais conforme pol\u00edticas internas (cancelamentos, trocas, vendas a prazo e reembolsos).<br \/>\nAcompanhar indicadores de desempenho da loja, propondo melhorias cont\u00ednuas nos processos e resultados operacionais<\/p>\n<p>Requisitos e Qualifica\u00e7\u00f5es:<br \/>\nEnsino Superior cursando ou completo em Administra\u00e7\u00e3o, Gest\u00e3o de Pessoas ou \u00e1reas correlatas;<br \/>\nExperi\u00eancia pr\u00e9via em lideran\u00e7a de equipes e gest\u00e3o de opera\u00e7\u00f5es no varejo;<br \/>\nHabilidade anal\u00edtica para acompanhamento de indicadores e tomada de decis\u00e3o;<br \/>\nExcelente comunica\u00e7\u00e3o e capacidade de relacionamento interpessoal;<br \/>\nPerfil organizado, proativo e orientado a resultados;<br \/>\nCNH categoria B;<br \/>\nDisponibilidade para atua\u00e7\u00e3o na Regi\u00e3o dos Lagos ou Regi\u00e3o Serrana (Petr\u00f3polis\/Teres\u00f3polis)<\/p>\n<p>Ser\u00e1 um diferencial possuir experi\u00eancia no segmento pet, viv\u00eancia com gest\u00e3o de opera\u00e7\u00f5es em varejo de grande volume, estrat\u00e9gias de fideliza\u00e7\u00e3o de clientes e foco na experi\u00eancia do consumidor.<\/p>\n<p>Sobre a vaga:<br \/>\nLocais: Regi\u00e3o dos Lagos (Araruama\/S\u00e3o Pedro da Aldeia) e Serra (Petr\u00f3polis\/Teres\u00f3polis)<br \/>\nRemunera\u00e7\u00e3o: R$ 3.710,00 + PPR Trimestral + Vale alimenta\u00e7\u00e3o R$ 20,0\/dia<br \/>\nDisponibilidade: Segunda a sexta &#8211; 08h \u00e0s 18h<\/p>\n<ul>\n<li>N\u00famero de vagas: 2<\/li>\n<li>Local de trabalho: Petr\u00f3polis, RJ<\/li>\n<li>Regime de contrata\u00e7\u00e3o de tipo: Efetivo \u2013 CLT<\/li>\n<li>Jornada: Per\u00edodo Integral<\/li>\n<li>\u00c1rea e especializa\u00e7\u00e3o profissional: Comercial, Vendas &#8211; Lojas \/ Shopping<\/li>\n<li>N\u00edvel hier\u00e1rquico: Gerente<\/li>\n<\/ul>\n<p>VALORIZADO<\/p>\n<p>Tempo de experi\u00eancia: Entre 1 e 3 anos<\/p>\n<p>HABILIDADES<\/p>\n<ul>\n<li>Protagonismo<\/li>\n<li>Capacidade de negocia\u00e7\u00e3o<\/li>\n<li>Tomada de decis\u00e3o<\/li>\n<li>Orienta\u00e7\u00e3o a resultado e rentabilidade<\/li>\n<li>Pensamento anal\u00edtico<\/li>\n<li>Boa flu\u00eancia verbal<\/li>\n<li>Conhecimento do pacote office<\/li>\n<li>Conhecimento do ramo pet<\/li>\n<li>Vis\u00e3o estrat\u00e9gica<\/li>\n<\/ul>\n<p>Escolaridade M\u00ednima: Ensino Superior<\/p>\n<p>Forma\u00e7\u00e3o desejada:<\/p>\n<ul>\n<li>Veterin\u00e1ria, Ensino Superior<\/li>\n<li>Administra\u00e7\u00e3o de empresas, Ensino Superior<\/li>\n<li>Processos Gerenciais, Ensino Superior<\/li>\n<\/ul>\n<p>Habilita\u00e7\u00e3o para dirigir: B<\/p>\n<ul>\n<li>Desconto de 20% em atendimentos para seu pet na CetraVet<\/li>\n<li>Bolsa de Estudos de at\u00e9 80% na Unicesumar, extens\u00edvel aos dependentes<\/li>\n<li>Conv\u00eanio SESC<\/li>\n<li>Vale Alimenta\u00e7\u00e3o<\/li>\n<\/ul>\n<p>Sal\u00e1rio: 3710,0<\/p>\n","protected":false},"excerpt":{"rendered":"<p>Gerente II \u2013 Voc\u00ea ser\u00e1 pe\u00e7a chave na garantia da melhor experi\u00eancia para nossos clientes e sucesso das lojas! Buscamos um(a) profissional com forte perfil de lideran\u00e7a e vis\u00e3o estrat\u00e9gica para atuar na gest\u00e3o operacional e comercial de nossas unidades. Voc\u00ea ser\u00e1 respons\u00e1vel por liderar equipes, garantir a excel\u00eancia no atendimento ao cliente, assegurar a [&hellip;]<\/p>\n","protected":false},"author":1,"featured_media":0,"comment_status":"open","ping_status":"open","sticky":false,"template":"","format":"standard","meta":{"footnotes":""},"categories":[21],"tags":[],"class_list":["post-3508","post","type-post","status-publish","format-standard","hentry","category-rio-de-janeiro-rj"],"_links":{"self":[{"href":"https:\/\/vagas.portalemprego.com.br\/index.php?rest_route=\/wp\/v2\/posts\/3508","targetHints":{"allow":["GET"]}}],"collection":[{"href":"https:\/\/vagas.portalemprego.com.br\/index.php?rest_route=\/wp\/v2\/posts"}],"about":[{"href":"https:\/\/vagas.portalemprego.com.br\/index.php?rest_route=\/wp\/v2\/types\/post"}],"author":[{"embeddable":true,"href":"https:\/\/vagas.portalemprego.com.br\/index.php?rest_route=\/wp\/v2\/users\/1"}],"replies":[{"embeddable":true,"href":"https:\/\/vagas.portalemprego.com.br\/index.php?rest_route=%2Fwp%2Fv2%2Fcomments&post=3508"}],"version-history":[{"count":0,"href":"https:\/\/vagas.portalemprego.com.br\/index.php?rest_route=\/wp\/v2\/posts\/3508\/revisions"}],"wp:attachment":[{"href":"https:\/\/vagas.portalemprego.com.br\/index.php?rest_route=%2Fwp%2Fv2%2Fmedia&parent=3508"}],"wp:term":[{"taxonomy":"category","embeddable":true,"href":"https:\/\/vagas.portalemprego.com.br\/index.php?rest_route=%2Fwp%2Fv2%2Fcategories&post=3508"},{"taxonomy":"post_tag","embeddable":true,"href":"https:\/\/vagas.portalemprego.com.br\/index.php?rest_route=%2Fwp%2Fv2%2Ftags&post=3508"}],"curies":[{"name":"wp","href":"https:\/\/api.w.org\/{rel}","templated":true}]}}