{"id":3513,"date":"2026-04-29T06:06:06","date_gmt":"2026-04-29T09:06:06","guid":{"rendered":"https:\/\/vagas.portalemprego.com.br\/?p=3513"},"modified":"2026-04-29T06:06:06","modified_gmt":"2026-04-29T09:06:06","slug":"mecanico-de-autos-construcao-manutencao-rio-de-janeiro","status":"publish","type":"post","link":"https:\/\/vagas.portalemprego.com.br\/?p=3513","title":{"rendered":"Mec\u00e2nico de Autos &#8211; Constru\u00e7\u00e3o, Manuten\u00e7\u00e3o &#8211; Rio de Janeiro"},"content":{"rendered":"<p>**Oferta de Emprego: Mec\u00e2nico de Autos**<br \/>\nEstamos em busca de um profissional qualificado para se juntar \u00e0 nossa equipe como Mec\u00e2nico de Autos.<br \/>\nComo Mec\u00e2nico de Autos, suas principais responsabilidades incluir\u00e3o a manuten\u00e7\u00e3o preventiva e corretiva de ve\u00edculos, diagn\u00f3stico de problemas mec\u00e2nicos e el\u00e9tricos, reparos em motores, transmiss\u00f5es e sistemas de freios, al\u00e9m de realizar inspe\u00e7\u00f5es e testes para garantir a seguran\u00e7a e o desempenho do ve\u00edculo. Voc\u00ea ser\u00e1 respons\u00e1vel por manter os ve\u00edculos em \u00f3timas condi\u00e7\u00f5es, garantindo que todos os servi\u00e7os sejam realizados com precis\u00e3o e efici\u00eancia.<br \/>\nExperi\u00eancia pr\u00e9via em mec\u00e2nica de autom\u00f3veis \u00e9 essencial, incluindo conhecimento em motores a gasolina e diesel, sistemas de transmiss\u00e3o, freios, eletr\u00f4nica veicular e sistemas de arrefecimento.<br \/>\nAl\u00e9m disso, \u00e9 importante que voc\u00ea possua habilidades manuais, capacidade de leitura e interpreta\u00e7\u00e3o de manuais t\u00e9cnicos, e uma abordagem met\u00f3dica para solucionar problemas mec\u00e2nicos.<br \/>\nExperi\u00eancia com manuten\u00e7\u00e3o de empilhadeiras ser\u00e1 um diferencial.<br \/>\nNossa empresa valoriza profissionais que demonstram comprometimento com a qualidade do trabalho e que buscam sempre aprimorar suas habilidades t\u00e9cnicas. Oferecemos um ambiente de trabalho colaborativo e desafiador, onde cada contribui\u00e7\u00e3o \u00e9 reconhecida e valorizada.<br \/>\nJunte-se a n\u00f3s e fa\u00e7a parte de uma empresa que valoriza o profissionalismo e o desenvolvimento cont\u00ednuo de seus colaboradores.<\/p>\n<ul>\n<li>Local de trabalho: Rio de Janeiro, RJ<\/li>\n<li>Regime de contrata\u00e7\u00e3o de tipo: Efetivo \u2013 CLT<\/li>\n<li>Jornada: Per\u00edodo Integral<\/li>\n<li>\u00c1rea e especializa\u00e7\u00e3o profissional: Constru\u00e7\u00e3o, Manuten\u00e7\u00e3o &#8211; Mec\u00e2nica de Autom\u00f3veis<\/li>\n<li>N\u00edvel hier\u00e1rquico: Operacional<\/li>\n<\/ul>\n<p>VALORIZADO<\/p>\n<p>Tempo de experi\u00eancia: Entre 1 e 3 anos<\/p>\n<p>Escolaridade M\u00ednima: Curso T\u00e9cnico<\/p>\n<p>Forma\u00e7\u00e3o desejada:<\/p>\n<ul>\n<li>Mec\u00e2nica, Curso T\u00e9cnico<\/li>\n<li>Eletroeletr\u00f4nica, Curso T\u00e9cnico<\/li>\n<li>Eletromec\u00e2nica, Curso T\u00e9cnico<\/li>\n<li>Eletrot\u00e9cnica, Curso T\u00e9cnico<\/li>\n<\/ul>\n<p>Habilita\u00e7\u00e3o para dirigir: B<\/p>\n<ul>\n<li>Caf\u00e9 da manh\u00e3 no local<\/li>\n<li>Assist\u00eancia m\u00e9dica<\/li>\n<li>Vale-transporte<\/li>\n<li>Vale-refei\u00e7\u00e3o<\/li>\n<li>Cesta b\u00e1sica<\/li>\n<\/ul>\n","protected":false},"excerpt":{"rendered":"<p>**Oferta de Emprego: Mec\u00e2nico de Autos** Estamos em busca de um profissional qualificado para se juntar \u00e0 nossa equipe como Mec\u00e2nico de Autos. Como Mec\u00e2nico de Autos, suas principais responsabilidades incluir\u00e3o a manuten\u00e7\u00e3o preventiva e corretiva de ve\u00edculos, diagn\u00f3stico de problemas mec\u00e2nicos e el\u00e9tricos, reparos em motores, transmiss\u00f5es e sistemas de freios, al\u00e9m de realizar [&hellip;]<\/p>\n","protected":false},"author":1,"featured_media":0,"comment_status":"open","ping_status":"open","sticky":false,"template":"","format":"standard","meta":{"footnotes":""},"categories":[21],"tags":[],"class_list":["post-3513","post","type-post","status-publish","format-standard","hentry","category-rio-de-janeiro-rj"],"_links":{"self":[{"href":"https:\/\/vagas.portalemprego.com.br\/index.php?rest_route=\/wp\/v2\/posts\/3513","targetHints":{"allow":["GET"]}}],"collection":[{"href":"https:\/\/vagas.portalemprego.com.br\/index.php?rest_route=\/wp\/v2\/posts"}],"about":[{"href":"https:\/\/vagas.portalemprego.com.br\/index.php?rest_route=\/wp\/v2\/types\/post"}],"author":[{"embeddable":true,"href":"https:\/\/vagas.portalemprego.com.br\/index.php?rest_route=\/wp\/v2\/users\/1"}],"replies":[{"embeddable":true,"href":"https:\/\/vagas.portalemprego.com.br\/index.php?rest_route=%2Fwp%2Fv2%2Fcomments&post=3513"}],"version-history":[{"count":0,"href":"https:\/\/vagas.portalemprego.com.br\/index.php?rest_route=\/wp\/v2\/posts\/3513\/revisions"}],"wp:attachment":[{"href":"https:\/\/vagas.portalemprego.com.br\/index.php?rest_route=%2Fwp%2Fv2%2Fmedia&parent=3513"}],"wp:term":[{"taxonomy":"category","embeddable":true,"href":"https:\/\/vagas.portalemprego.com.br\/index.php?rest_route=%2Fwp%2Fv2%2Fcategories&post=3513"},{"taxonomy":"post_tag","embeddable":true,"href":"https:\/\/vagas.portalemprego.com.br\/index.php?rest_route=%2Fwp%2Fv2%2Ftags&post=3513"}],"curies":[{"name":"wp","href":"https:\/\/api.w.org\/{rel}","templated":true}]}}