{"id":3519,"date":"2026-04-29T06:07:07","date_gmt":"2026-04-29T09:07:07","guid":{"rendered":"https:\/\/vagas.portalemprego.com.br\/?p=3519"},"modified":"2026-04-29T06:07:07","modified_gmt":"2026-04-29T09:07:07","slug":"auxiliar-de-estoque-logistica-rio-de-janeiro-3","status":"publish","type":"post","link":"https:\/\/vagas.portalemprego.com.br\/?p=3519","title":{"rendered":"Auxiliar de Estoque &#8211; Log\u00edstica &#8211; Rio de Janeiro"},"content":{"rendered":"<p>RHF Talentos seleciona para um de nossos conceituados clientes no ramo Aliment\u00edcio<br \/>\nAuxiliar de Estoque \u2013 Ramos<br \/>\nAtribui\u00e7\u00f5es\/Conhecimentos:<br \/>\nSepara\u00e7\u00e3o de produtos congelados e resfriados.\u00a0\u00a0\u00a0\u00a0\u00a0\u00a0\u00a0\u00a0\u00a0<br \/>\nRealizar movimenta\u00e7\u00e3o de mercadorias<br \/>\nArrumar e controlar estoques<br \/>\nAjudar a realizar carga e descarga de Caminh\u00f5es<br \/>\nSal\u00e1rio e benef\u00edcios:<br \/>\nR$ 1.780,00 + VT + Vale Alimenta\u00e7\u00e3o (R$ 110,00\/m\u00eas)<br \/>\nCompet\u00eancias:<br \/>\nProatividade<br \/>\nSer uma pessoa prestativa e disposta<br \/>\nSer voltado a resultados<br \/>\nTer um bom relacionamento interpessoal<br \/>\nComprometido<br \/>\nEscolaridade:<br \/>\nM\u00ednimo ensino Fundamental<br \/>\nCarga hor\u00e1ria:<br \/>\nDe segunda a sexta das 15:00 \u00e0s 00:00 com 1hd de refei\u00e7\u00e3o<br \/>\nExperi\u00eancia:<br \/>\nM\u00ednimo 6 meses comprovados na fun\u00e7\u00e3o.<br \/>\nDesej\u00e1vel Experi\u00eancia pr\u00e9via em ambiente congelado<br \/>\nObs:<br \/>\nSomente para candidatos da Zona Norte ou que tenham f\u00e1cil acesso \u00e0 Ramos<\/p>\n<ul>\n<li>Local de trabalho: Rio de Janeiro, RJ<\/li>\n<li>Regime de contrata\u00e7\u00e3o de tipo: Efetivo \u2013 CLT<\/li>\n<li>Jornada: Per\u00edodo Integral<\/li>\n<li>\u00c1rea e especializa\u00e7\u00e3o profissional: Log\u00edstica &#8211; Estoque, Armazenagem, Dep\u00f3sito<\/li>\n<li>N\u00edvel hier\u00e1rquico: Auxiliar<\/li>\n<\/ul>\n<p>VALORIZADO<\/p>\n<p>Tempo de experi\u00eancia: Entre 3 e 5 anos<\/p>\n<p>Escolaridade M\u00ednima: Ensino Fundamental (1\u00ba grau)<\/p>\n<ul>\n<li>Vale-transporte<\/li>\n<li>Vale-alimenta\u00e7\u00e3o<\/li>\n<\/ul>\n<p>Sal\u00e1rio: 1780,0<\/p>\n","protected":false},"excerpt":{"rendered":"<p>RHF Talentos seleciona para um de nossos conceituados clientes no ramo Aliment\u00edcio Auxiliar de Estoque \u2013 Ramos Atribui\u00e7\u00f5es\/Conhecimentos: Separa\u00e7\u00e3o de produtos congelados e resfriados.\u00a0\u00a0\u00a0\u00a0\u00a0\u00a0\u00a0\u00a0\u00a0 Realizar movimenta\u00e7\u00e3o de mercadorias Arrumar e controlar estoques Ajudar a realizar carga e descarga de Caminh\u00f5es Sal\u00e1rio e benef\u00edcios: R$ 1.780,00 + VT + Vale Alimenta\u00e7\u00e3o (R$ 110,00\/m\u00eas) Compet\u00eancias: Proatividade Ser [&hellip;]<\/p>\n","protected":false},"author":1,"featured_media":0,"comment_status":"open","ping_status":"open","sticky":false,"template":"","format":"standard","meta":{"footnotes":""},"categories":[21],"tags":[],"class_list":["post-3519","post","type-post","status-publish","format-standard","hentry","category-rio-de-janeiro-rj"],"_links":{"self":[{"href":"https:\/\/vagas.portalemprego.com.br\/index.php?rest_route=\/wp\/v2\/posts\/3519","targetHints":{"allow":["GET"]}}],"collection":[{"href":"https:\/\/vagas.portalemprego.com.br\/index.php?rest_route=\/wp\/v2\/posts"}],"about":[{"href":"https:\/\/vagas.portalemprego.com.br\/index.php?rest_route=\/wp\/v2\/types\/post"}],"author":[{"embeddable":true,"href":"https:\/\/vagas.portalemprego.com.br\/index.php?rest_route=\/wp\/v2\/users\/1"}],"replies":[{"embeddable":true,"href":"https:\/\/vagas.portalemprego.com.br\/index.php?rest_route=%2Fwp%2Fv2%2Fcomments&post=3519"}],"version-history":[{"count":0,"href":"https:\/\/vagas.portalemprego.com.br\/index.php?rest_route=\/wp\/v2\/posts\/3519\/revisions"}],"wp:attachment":[{"href":"https:\/\/vagas.portalemprego.com.br\/index.php?rest_route=%2Fwp%2Fv2%2Fmedia&parent=3519"}],"wp:term":[{"taxonomy":"category","embeddable":true,"href":"https:\/\/vagas.portalemprego.com.br\/index.php?rest_route=%2Fwp%2Fv2%2Fcategories&post=3519"},{"taxonomy":"post_tag","embeddable":true,"href":"https:\/\/vagas.portalemprego.com.br\/index.php?rest_route=%2Fwp%2Fv2%2Ftags&post=3519"}],"curies":[{"name":"wp","href":"https:\/\/api.w.org\/{rel}","templated":true}]}}