{"id":3529,"date":"2026-04-29T06:07:07","date_gmt":"2026-04-29T09:07:07","guid":{"rendered":"https:\/\/vagas.portalemprego.com.br\/?p=3529"},"modified":"2026-04-29T06:07:07","modified_gmt":"2026-04-29T09:07:07","slug":"planejador-de-manutencao-construcao-manutencao-rio-de-janeiro","status":"publish","type":"post","link":"https:\/\/vagas.portalemprego.com.br\/?p=3529","title":{"rendered":"Planejador de Manuten\u00e7\u00e3o &#8211; Constru\u00e7\u00e3o, Manuten\u00e7\u00e3o &#8211; Rio de Janeiro"},"content":{"rendered":"<p>Oportunidade: Estamos em busca de um Planejador de Manuten\u00e7\u00e3o para atuar de forma presencial em nosso escrit\u00f3rio. A posi\u00e7\u00e3o \u00e9 ideal para quem busca responsabilidade e desafios em um ambiente din\u00e2mico.<br \/>\nFun\u00e7\u00f5es:<br \/>\nGerenciar atividades de manuten\u00e7\u00e3o preventiva e corretiva;<br \/>\nCoordenar equipes de manuten\u00e7\u00e3o;<br \/>\nAcompanhar e registrar o desempenho dos servi\u00e7os;<br \/>\nColaborar com outras \u00e1reas para otimiza\u00e7\u00e3o de processos.<br \/>\nRequisitos:<br \/>\nExperi\u00eancia em planejamento de manuten\u00e7\u00e3o;<br \/>\nConhecimento em normas t\u00e9cnicas de manuten\u00e7\u00e3o;<\/p>\n<ul>\n<li>Local de trabalho: Rio de Janeiro, RJ<\/li>\n<li>Regime de contrata\u00e7\u00e3o de tipo: Efetivo \u2013 CLT<\/li>\n<li>Jornada: Per\u00edodo Integral<\/li>\n<li>\u00c1rea e especializa\u00e7\u00e3o profissional: Constru\u00e7\u00e3o, Manuten\u00e7\u00e3o &#8211; Manuten\u00e7\u00e3o em Geral<\/li>\n<li>N\u00edvel hier\u00e1rquico: Assistente<\/li>\n<\/ul>\n<p>VALORIZADO<\/p>\n<p>Tempo de experi\u00eancia: Entre 1 e 3 anos<\/p>\n<p>Escolaridade M\u00ednima: Curso T\u00e9cnico<\/p>\n<ul>\n<li>Vale Alimenta\u00e7\u00e3o<\/li>\n<li>Vale Transporte<\/li>\n<li>Plano de Sa\u00fade<\/li>\n<\/ul>\n<p>Sal\u00e1rio: 3780,0<\/p>\n","protected":false},"excerpt":{"rendered":"<p>Oportunidade: Estamos em busca de um Planejador de Manuten\u00e7\u00e3o para atuar de forma presencial em nosso escrit\u00f3rio. A posi\u00e7\u00e3o \u00e9 ideal para quem busca responsabilidade e desafios em um ambiente din\u00e2mico. Fun\u00e7\u00f5es: Gerenciar atividades de manuten\u00e7\u00e3o preventiva e corretiva; Coordenar equipes de manuten\u00e7\u00e3o; Acompanhar e registrar o desempenho dos servi\u00e7os; Colaborar com outras \u00e1reas para [&hellip;]<\/p>\n","protected":false},"author":1,"featured_media":0,"comment_status":"open","ping_status":"open","sticky":false,"template":"","format":"standard","meta":{"footnotes":""},"categories":[21],"tags":[],"class_list":["post-3529","post","type-post","status-publish","format-standard","hentry","category-rio-de-janeiro-rj"],"_links":{"self":[{"href":"https:\/\/vagas.portalemprego.com.br\/index.php?rest_route=\/wp\/v2\/posts\/3529","targetHints":{"allow":["GET"]}}],"collection":[{"href":"https:\/\/vagas.portalemprego.com.br\/index.php?rest_route=\/wp\/v2\/posts"}],"about":[{"href":"https:\/\/vagas.portalemprego.com.br\/index.php?rest_route=\/wp\/v2\/types\/post"}],"author":[{"embeddable":true,"href":"https:\/\/vagas.portalemprego.com.br\/index.php?rest_route=\/wp\/v2\/users\/1"}],"replies":[{"embeddable":true,"href":"https:\/\/vagas.portalemprego.com.br\/index.php?rest_route=%2Fwp%2Fv2%2Fcomments&post=3529"}],"version-history":[{"count":0,"href":"https:\/\/vagas.portalemprego.com.br\/index.php?rest_route=\/wp\/v2\/posts\/3529\/revisions"}],"wp:attachment":[{"href":"https:\/\/vagas.portalemprego.com.br\/index.php?rest_route=%2Fwp%2Fv2%2Fmedia&parent=3529"}],"wp:term":[{"taxonomy":"category","embeddable":true,"href":"https:\/\/vagas.portalemprego.com.br\/index.php?rest_route=%2Fwp%2Fv2%2Fcategories&post=3529"},{"taxonomy":"post_tag","embeddable":true,"href":"https:\/\/vagas.portalemprego.com.br\/index.php?rest_route=%2Fwp%2Fv2%2Ftags&post=3529"}],"curies":[{"name":"wp","href":"https:\/\/api.w.org\/{rel}","templated":true}]}}