{"id":3531,"date":"2026-04-29T06:07:07","date_gmt":"2026-04-29T09:07:07","guid":{"rendered":"https:\/\/vagas.portalemprego.com.br\/?p=3531"},"modified":"2026-04-29T06:07:07","modified_gmt":"2026-04-29T09:07:07","slug":"banco-de-talentos-o-boticario-sao-goncalo-rj-comercial-vendas-sao-goncalo","status":"publish","type":"post","link":"https:\/\/vagas.portalemprego.com.br\/?p=3531","title":{"rendered":"Banco de Talentos &#8211; O Botic\u00e1rio &#8211; S\u00e3o Gon\u00e7alo (RJ) &#8211; Comercial, Vendas &#8211; S\u00e3o Gon\u00e7alo"},"content":{"rendered":"<p>Se\u00a0voc\u00ea\u00a0ama\u00a0encantar\u00a0clientes,\u00a0criar\u00a0experi\u00eancias\u00a0memor\u00e1veis\u00a0e\u00a0sonha\u00a0em\u00a0construir\u00a0uma\u00a0carreira\u00a0em\u00a0uma\u00a0das\u00a0maiores\u00a0e\u00a0mais\u00a0admiradas\u00a0marcas\u00a0do\u00a0pa\u00eds,\u00a0o\u00a0seu\u00a0lugar\u00a0pode\u00a0ser\u00a0aqui,\u00a0no\u00a0time\u00a0O\u00a0Botic\u00e1rio!\u00a0<br \/>\nAo\u00a0se\u00a0cadastrar\u00a0no\u00a0nosso\u00a0Banco\u00a0de\u00a0Talentos,\u00a0seu\u00a0perfil\u00a0ser\u00e1\u00a0considerado\u00a0para\u00a0diversas\u00a0oportunidades\u00a0que\u00a0j\u00e1\u00a0est\u00e3o\u00a0abertas\u00a0e\u00a0esperando\u00a0por\u00a0voc\u00ea.\u00a0<br \/>\nBuscamos\u00a0pessoas\u00a0protagonistas,\u00a0engajadas\u00a0e\u00a0cheias\u00a0de\u00a0energia\u00a0para\u00a0crescer\u00a0e\u00a0transformar\u00a0junto\u00a0com\u00a0a\u00a0gente!\u00a0<br \/>\n\u00a0<br \/>\nAqui,\u00a0voc\u00ea\u00a0encontra:\u00a0<br \/>\nUm\u00a0ambiente\u00a0diverso,\u00a0acolhedor\u00a0e\u00a0inclusivo.\u00a0<br \/>\nOportunidades\u00a0reais\u00a0de\u00a0desenvolvimento\u00a0e\u00a0crescimento\u00a0na\u00a0carreira.\u00a0<br \/>\nUma\u00a0cultura\u00a0de\u00a0cuidado,\u00a0respeito\u00a0e\u00a0paix\u00e3o\u00a0pelo\u00a0que\u00a0fazemos.\u00a0<br \/>\nCadastre\u00a0seu\u00a0curr\u00edculo\u00a0e\u00a0venha\u00a0fazer\u00a0parte\u00a0da\u00a0nossa\u00a0hist\u00f3ria.\u00a0O\u00a0pr\u00f3ximo\u00a0passo\u00a0da\u00a0sua\u00a0carreira\u00a0pode\u00a0come\u00e7ar\u00a0agora!<\/p>\n<ul>\n<li>N\u00famero de vagas: 5<\/li>\n<li>Local de trabalho: S\u00e3o Gon\u00e7alo, RJ<\/li>\n<li>Regime de contrata\u00e7\u00e3o de tipo: Efetivo \u2013 CLT<\/li>\n<li>Jornada: Per\u00edodo Integral<\/li>\n<li>\u00c1rea e especializa\u00e7\u00e3o profissional: Comercial, Vendas &#8211; Lojas \/ Shopping<\/li>\n<li>N\u00edvel hier\u00e1rquico: Operacional<\/li>\n<\/ul>\n<p>HABILIDADES<\/p>\n<ul>\n<li>Resili\u00eancia<\/li>\n<li>Organiza\u00e7\u00e3o<\/li>\n<li>Comunica\u00e7\u00e3o<\/li>\n<\/ul>\n<p>Escolaridade M\u00ednima: Ensino M\u00e9dio (2\u00ba Grau)<\/p>\n<ul>\n<li>Vale Transporte<\/li>\n<li>Conv\u00eanio Sesc<\/li>\n<li>Conv\u00eanio Faculdade<\/li>\n<li>Desconto nas marcas<\/li>\n<li>Total Pass<\/li>\n<\/ul>\n","protected":false},"excerpt":{"rendered":"<p>Se\u00a0voc\u00ea\u00a0ama\u00a0encantar\u00a0clientes,\u00a0criar\u00a0experi\u00eancias\u00a0memor\u00e1veis\u00a0e\u00a0sonha\u00a0em\u00a0construir\u00a0uma\u00a0carreira\u00a0em\u00a0uma\u00a0das\u00a0maiores\u00a0e\u00a0mais\u00a0admiradas\u00a0marcas\u00a0do\u00a0pa\u00eds,\u00a0o\u00a0seu\u00a0lugar\u00a0pode\u00a0ser\u00a0aqui,\u00a0no\u00a0time\u00a0O\u00a0Botic\u00e1rio!\u00a0 Ao\u00a0se\u00a0cadastrar\u00a0no\u00a0nosso\u00a0Banco\u00a0de\u00a0Talentos,\u00a0seu\u00a0perfil\u00a0ser\u00e1\u00a0considerado\u00a0para\u00a0diversas\u00a0oportunidades\u00a0que\u00a0j\u00e1\u00a0est\u00e3o\u00a0abertas\u00a0e\u00a0esperando\u00a0por\u00a0voc\u00ea.\u00a0 Buscamos\u00a0pessoas\u00a0protagonistas,\u00a0engajadas\u00a0e\u00a0cheias\u00a0de\u00a0energia\u00a0para\u00a0crescer\u00a0e\u00a0transformar\u00a0junto\u00a0com\u00a0a\u00a0gente!\u00a0 \u00a0 Aqui,\u00a0voc\u00ea\u00a0encontra:\u00a0 Um\u00a0ambiente\u00a0diverso,\u00a0acolhedor\u00a0e\u00a0inclusivo.\u00a0 Oportunidades\u00a0reais\u00a0de\u00a0desenvolvimento\u00a0e\u00a0crescimento\u00a0na\u00a0carreira.\u00a0 Uma\u00a0cultura\u00a0de\u00a0cuidado,\u00a0respeito\u00a0e\u00a0paix\u00e3o\u00a0pelo\u00a0que\u00a0fazemos.\u00a0 Cadastre\u00a0seu\u00a0curr\u00edculo\u00a0e\u00a0venha\u00a0fazer\u00a0parte\u00a0da\u00a0nossa\u00a0hist\u00f3ria.\u00a0O\u00a0pr\u00f3ximo\u00a0passo\u00a0da\u00a0sua\u00a0carreira\u00a0pode\u00a0come\u00e7ar\u00a0agora! N\u00famero de vagas: 5 Local de trabalho: S\u00e3o Gon\u00e7alo, RJ Regime de contrata\u00e7\u00e3o de tipo: Efetivo \u2013 CLT Jornada: Per\u00edodo Integral \u00c1rea e especializa\u00e7\u00e3o profissional: Comercial, Vendas &#8211; Lojas \/ Shopping N\u00edvel hier\u00e1rquico: Operacional HABILIDADES Resili\u00eancia Organiza\u00e7\u00e3o Comunica\u00e7\u00e3o Escolaridade M\u00ednima: Ensino M\u00e9dio (2\u00ba Grau) Vale Transporte [&hellip;]<\/p>\n","protected":false},"author":1,"featured_media":0,"comment_status":"open","ping_status":"open","sticky":false,"template":"","format":"standard","meta":{"footnotes":""},"categories":[21],"tags":[],"class_list":["post-3531","post","type-post","status-publish","format-standard","hentry","category-rio-de-janeiro-rj"],"_links":{"self":[{"href":"https:\/\/vagas.portalemprego.com.br\/index.php?rest_route=\/wp\/v2\/posts\/3531","targetHints":{"allow":["GET"]}}],"collection":[{"href":"https:\/\/vagas.portalemprego.com.br\/index.php?rest_route=\/wp\/v2\/posts"}],"about":[{"href":"https:\/\/vagas.portalemprego.com.br\/index.php?rest_route=\/wp\/v2\/types\/post"}],"author":[{"embeddable":true,"href":"https:\/\/vagas.portalemprego.com.br\/index.php?rest_route=\/wp\/v2\/users\/1"}],"replies":[{"embeddable":true,"href":"https:\/\/vagas.portalemprego.com.br\/index.php?rest_route=%2Fwp%2Fv2%2Fcomments&post=3531"}],"version-history":[{"count":0,"href":"https:\/\/vagas.portalemprego.com.br\/index.php?rest_route=\/wp\/v2\/posts\/3531\/revisions"}],"wp:attachment":[{"href":"https:\/\/vagas.portalemprego.com.br\/index.php?rest_route=%2Fwp%2Fv2%2Fmedia&parent=3531"}],"wp:term":[{"taxonomy":"category","embeddable":true,"href":"https:\/\/vagas.portalemprego.com.br\/index.php?rest_route=%2Fwp%2Fv2%2Fcategories&post=3531"},{"taxonomy":"post_tag","embeddable":true,"href":"https:\/\/vagas.portalemprego.com.br\/index.php?rest_route=%2Fwp%2Fv2%2Ftags&post=3531"}],"curies":[{"name":"wp","href":"https:\/\/api.w.org\/{rel}","templated":true}]}}