{"id":3533,"date":"2026-04-29T06:07:07","date_gmt":"2026-04-29T09:07:07","guid":{"rendered":"https:\/\/vagas.portalemprego.com.br\/?p=3533"},"modified":"2026-04-29T06:07:07","modified_gmt":"2026-04-29T09:07:07","slug":"consultor-de-vendas-centro-rj-comercial-vendas-rio-de-janeiro","status":"publish","type":"post","link":"https:\/\/vagas.portalemprego.com.br\/?p=3533","title":{"rendered":"CONSULTOR DE VENDAS | CENTRO \/ RJ &#8211; Comercial, Vendas &#8211; Rio de Janeiro"},"content":{"rendered":"<p>LOCALIZA&amp;CO<br \/>\nEstar em constante evolu\u00e7\u00e3o nos trouxe at\u00e9 aqui. Ao lado de talentos e habilidades m\u00faltiplas nos conectamos em busca da nossa motiva\u00e7\u00e3o: construir o futuro da mobilidade sustent\u00e1vel. \u00c9 por meio da valoriza\u00e7\u00e3o da individualidade de cada um que impulsionamos o nosso movimento para conquistar resultados extraordin\u00e1rios, desenvolver nossas opera\u00e7\u00f5es e criar solu\u00e7\u00f5es para os nossos clientes.<br \/>\nSomos apaixonados por nossa hist\u00f3ria, por nossas ideias e pela capacidade de realiz\u00e1-las. Sabemos que juntos, todos vamos mais longe.<br \/>\n\u00c9 assim que conectamos a Localiza&amp;Co com o futuro.<br \/>\nO QUE VOC\u00ca IR\u00c1 FAZER COMO CONSULTOR DE VENDAS<br \/>\n\u2022 Alcan\u00e7ar as metas de vendas mensais, garantindo performance e excel\u00eancia nos resultados<br \/>\n\u2022 Execu\u00e7\u00e3o dos pilares de vendas: agendamento de atendimentos, gest\u00e3o de an\u00fancios, capta\u00e7\u00e3o de indica\u00e7\u00f5es e atendimento consultivo aos clientes<br \/>\n\u2022 Acompanhar todo o processo de venda, desde a negocia\u00e7\u00e3o at\u00e9 a entrega do ve\u00edculo, incluindo suporte no p\u00f3s-venda para assegurar a satisfa\u00e7\u00e3o do cliente<\/p>\n<p>O QUE PRECISAMOS<br \/>\n\u2022 Experi\u00eancia s\u00f3lida com vendas<br \/>\n\u2022 CNH categoria B ativa h\u00e1 mais de 01 ano<br \/>\n\u2022 Conhecimento em pacote office<br \/>\n\u2022 Ensino M\u00e9dio completo<br \/>\n\u2022 Capacidade de trabalhar com metas e foco em resultado<br \/>\n\u2022 Motiva\u00e7\u00e3o para vender e superar desafios<br \/>\n\u2022 Empatia para conquistar a confian\u00e7a do cliente, com otimismo e persist\u00eancia<\/p>\n<ul>\n<li>N\u00famero de vagas: 2<\/li>\n<li>Local de trabalho: Rio de Janeiro, RJ<\/li>\n<li>Regime de contrata\u00e7\u00e3o de tipo: Efetivo \u2013 CLT<\/li>\n<li>Jornada: Per\u00edodo Integral<\/li>\n<li>\u00c1rea e especializa\u00e7\u00e3o profissional: Comercial, Vendas &#8211; Venda Interna<\/li>\n<li>N\u00edvel hier\u00e1rquico: Consultor<\/li>\n<\/ul>\n<p>Escolaridade M\u00ednima: Ensino M\u00e9dio (2\u00ba Grau)<\/p>\n<p>Habilita\u00e7\u00e3o para dirigir: B<\/p>\n<ul>\n<li>Programas internos de treinamento e desenvolvimento<\/li>\n<li>Vale-refei\u00e7\u00e3o<\/li>\n<li>Vale-alimenta\u00e7\u00e3o<\/li>\n<li>Previd\u00eancia Privada<\/li>\n<li>Assist\u00eancia m\u00e9dica<\/li>\n<li>Ve\u00edculo de empresa<\/li>\n<li>Participa\u00e7\u00e3o nos lucros<\/li>\n<li>Desconto em compra e aluguel de ve\u00edculos<\/li>\n<li>Gympass<\/li>\n<li>Assist\u00eancia odontol\u00f3gica<\/li>\n<\/ul>\n","protected":false},"excerpt":{"rendered":"<p>LOCALIZA&amp;CO Estar em constante evolu\u00e7\u00e3o nos trouxe at\u00e9 aqui. Ao lado de talentos e habilidades m\u00faltiplas nos conectamos em busca da nossa motiva\u00e7\u00e3o: construir o futuro da mobilidade sustent\u00e1vel. \u00c9 por meio da valoriza\u00e7\u00e3o da individualidade de cada um que impulsionamos o nosso movimento para conquistar resultados extraordin\u00e1rios, desenvolver nossas opera\u00e7\u00f5es e criar solu\u00e7\u00f5es para [&hellip;]<\/p>\n","protected":false},"author":1,"featured_media":0,"comment_status":"open","ping_status":"open","sticky":false,"template":"","format":"standard","meta":{"footnotes":""},"categories":[21],"tags":[],"class_list":["post-3533","post","type-post","status-publish","format-standard","hentry","category-rio-de-janeiro-rj"],"_links":{"self":[{"href":"https:\/\/vagas.portalemprego.com.br\/index.php?rest_route=\/wp\/v2\/posts\/3533","targetHints":{"allow":["GET"]}}],"collection":[{"href":"https:\/\/vagas.portalemprego.com.br\/index.php?rest_route=\/wp\/v2\/posts"}],"about":[{"href":"https:\/\/vagas.portalemprego.com.br\/index.php?rest_route=\/wp\/v2\/types\/post"}],"author":[{"embeddable":true,"href":"https:\/\/vagas.portalemprego.com.br\/index.php?rest_route=\/wp\/v2\/users\/1"}],"replies":[{"embeddable":true,"href":"https:\/\/vagas.portalemprego.com.br\/index.php?rest_route=%2Fwp%2Fv2%2Fcomments&post=3533"}],"version-history":[{"count":0,"href":"https:\/\/vagas.portalemprego.com.br\/index.php?rest_route=\/wp\/v2\/posts\/3533\/revisions"}],"wp:attachment":[{"href":"https:\/\/vagas.portalemprego.com.br\/index.php?rest_route=%2Fwp%2Fv2%2Fmedia&parent=3533"}],"wp:term":[{"taxonomy":"category","embeddable":true,"href":"https:\/\/vagas.portalemprego.com.br\/index.php?rest_route=%2Fwp%2Fv2%2Fcategories&post=3533"},{"taxonomy":"post_tag","embeddable":true,"href":"https:\/\/vagas.portalemprego.com.br\/index.php?rest_route=%2Fwp%2Fv2%2Ftags&post=3533"}],"curies":[{"name":"wp","href":"https:\/\/api.w.org\/{rel}","templated":true}]}}