{"id":3549,"date":"2026-04-29T06:07:07","date_gmt":"2026-04-29T09:07:07","guid":{"rendered":"https:\/\/vagas.portalemprego.com.br\/?p=3549"},"modified":"2026-04-29T06:07:07","modified_gmt":"2026-04-29T09:07:07","slug":"recepcionista-bilingue-administracao-rio-de-janeiro-6","status":"publish","type":"post","link":"https:\/\/vagas.portalemprego.com.br\/?p=3549","title":{"rendered":"Recepcionista Bil\u00edngue &#8211; Administra\u00e7\u00e3o &#8211; Rio de Janeiro"},"content":{"rendered":"<p>Oportunidade: O Grupo Souza Lima busca um Recepcionista Bil\u00edngue para atuar em nossa sede. Esta \u00e9 uma chance de fazer parte de uma equipe din\u00e2mica e contribuir para o bom funcionamento do nosso ambiente de trabalho.<br \/>\nFun\u00e7\u00f5es:<br \/>\nAtendimento ao p\u00fablico em portugu\u00eas e ingl\u00eas;<br \/>\nGerenciamento de agenda e organiza\u00e7\u00e3o de eventos;<br \/>\nCoordena\u00e7\u00e3o de atividades administrativas;<br \/>\nApoio na recep\u00e7\u00e3o e orienta\u00e7\u00e3o de visitantes;<br \/>\nColabora\u00e7\u00e3o com outras \u00e1reas para garantir um ambiente acolhedor.<\/p>\n<p>Requisitos:<br \/>\nExperi\u00eancia em recep\u00e7\u00e3o ou \u00e1rea similar;<br \/>\nConhecimento em portugu\u00eas e ingl\u00eas (fala e escrita);<br \/>\nCapacidade de lidar com situa\u00e7\u00f5es de atendimento ao p\u00fablico;<br \/>\nOrganiza\u00e7\u00e3o e aten\u00e7\u00e3o aos detalhes;<br \/>\nHabilidades de comunica\u00e7\u00e3o e intera\u00e7\u00e3o com pessoas.<\/p>\n<p>Benef\u00edcios:<br \/>\nOferecemos um ambiente de trabalho colaborativo;<br \/>\nAmbiente de trabalho acolhedor e inclusivo.<\/p>\n<p>Esta \u00e9 uma oportunidade para quem busca um cargo de Recepcionista Bil\u00edngue em um ambiente profissional e din\u00e2mico. Venha fazer parte do Grupo Souza Lima!<\/p>\n<ul>\n<li>Local de trabalho: Rio de Janeiro, RJ<\/li>\n<li>Regime de contrata\u00e7\u00e3o de tipo: Efetivo \u2013 CLT<\/li>\n<li>Jornada: Per\u00edodo Integral<\/li>\n<li>\u00c1rea e especializa\u00e7\u00e3o profissional: Administra\u00e7\u00e3o &#8211; Recep\u00e7\u00e3o<\/li>\n<li>N\u00edvel hier\u00e1rquico: Auxiliar<\/li>\n<\/ul>\n<p>VALORIZADO<\/p>\n<p>Tempo de experi\u00eancia: Entre 1 e 3 anos<\/p>\n<p>Escolaridade M\u00ednima: Ensino M\u00e9dio (2\u00ba Grau)<\/p>\n<p>Sal\u00e1rio: 2958,6<\/p>\n","protected":false},"excerpt":{"rendered":"<p>Oportunidade: O Grupo Souza Lima busca um Recepcionista Bil\u00edngue para atuar em nossa sede. Esta \u00e9 uma chance de fazer parte de uma equipe din\u00e2mica e contribuir para o bom funcionamento do nosso ambiente de trabalho. Fun\u00e7\u00f5es: Atendimento ao p\u00fablico em portugu\u00eas e ingl\u00eas; Gerenciamento de agenda e organiza\u00e7\u00e3o de eventos; Coordena\u00e7\u00e3o de atividades administrativas; [&hellip;]<\/p>\n","protected":false},"author":1,"featured_media":0,"comment_status":"open","ping_status":"open","sticky":false,"template":"","format":"standard","meta":{"footnotes":""},"categories":[21],"tags":[],"class_list":["post-3549","post","type-post","status-publish","format-standard","hentry","category-rio-de-janeiro-rj"],"_links":{"self":[{"href":"https:\/\/vagas.portalemprego.com.br\/index.php?rest_route=\/wp\/v2\/posts\/3549","targetHints":{"allow":["GET"]}}],"collection":[{"href":"https:\/\/vagas.portalemprego.com.br\/index.php?rest_route=\/wp\/v2\/posts"}],"about":[{"href":"https:\/\/vagas.portalemprego.com.br\/index.php?rest_route=\/wp\/v2\/types\/post"}],"author":[{"embeddable":true,"href":"https:\/\/vagas.portalemprego.com.br\/index.php?rest_route=\/wp\/v2\/users\/1"}],"replies":[{"embeddable":true,"href":"https:\/\/vagas.portalemprego.com.br\/index.php?rest_route=%2Fwp%2Fv2%2Fcomments&post=3549"}],"version-history":[{"count":0,"href":"https:\/\/vagas.portalemprego.com.br\/index.php?rest_route=\/wp\/v2\/posts\/3549\/revisions"}],"wp:attachment":[{"href":"https:\/\/vagas.portalemprego.com.br\/index.php?rest_route=%2Fwp%2Fv2%2Fmedia&parent=3549"}],"wp:term":[{"taxonomy":"category","embeddable":true,"href":"https:\/\/vagas.portalemprego.com.br\/index.php?rest_route=%2Fwp%2Fv2%2Fcategories&post=3549"},{"taxonomy":"post_tag","embeddable":true,"href":"https:\/\/vagas.portalemprego.com.br\/index.php?rest_route=%2Fwp%2Fv2%2Ftags&post=3549"}],"curies":[{"name":"wp","href":"https:\/\/api.w.org\/{rel}","templated":true}]}}