{"id":3553,"date":"2026-04-29T06:07:07","date_gmt":"2026-04-29T09:07:07","guid":{"rendered":"https:\/\/vagas.portalemprego.com.br\/?p=3553"},"modified":"2026-04-29T06:07:07","modified_gmt":"2026-04-29T09:07:07","slug":"assistente-administrativo-financeiro-contabil-financas-economia-rio-de-janeiro","status":"publish","type":"post","link":"https:\/\/vagas.portalemprego.com.br\/?p=3553","title":{"rendered":"Assistente Administrativo Financeiro &#8211; Cont\u00e1bil, Finan\u00e7as, Economia &#8211; Rio de Janeiro"},"content":{"rendered":"<p>Empresa em crescimento contrata Assistente Administrativo com foco em Controladoria Financeira para atuar no suporte \u00e0s rotinas administrativas e financeiras.<br \/>\nPrincipais responsabilidades:<br \/>\nApoiar nas atividades de controle financeiro e administrativo<br \/>\nRealizar lan\u00e7amentos e confer\u00eancias de informa\u00e7\u00f5es financeiras<br \/>\nAuxiliar no controle de contas a pagar e contas a receber<br \/>\nOrganizar documentos e relat\u00f3rios financeiros<br \/>\nApoiar na elabora\u00e7\u00e3o de planilhas de controle e acompanhamento de indicadores<br \/>\nRealizar confer\u00eancia de notas fiscais e documentos cont\u00e1beis<br \/>\nDar suporte \u00e0s rotinas de controladoria e fluxo de caixa<br \/>\nRequisitos:<br \/>\nEnsino m\u00e9dio completo (desej\u00e1vel superior em Administra\u00e7\u00e3o, Contabilidade ou \u00e1reas correlatas)<br \/>\nExperi\u00eancia em rotinas administrativas e financeiras<br \/>\nConhecimento em Excel<br \/>\nPerfil organizado, anal\u00edtico e com aten\u00e7\u00e3o aos detalhes<br \/>\nInforma\u00e7\u00f5es da vaga:<br \/>\n ?? Tipo de contrata\u00e7\u00e3o: CLT (Efetivo)<br \/>\n ?? Sal\u00e1rio: R$ 2.500,00<br \/>\n ?? Local de atua\u00e7\u00e3o: Guaratiba \u2013 RJ<br \/>\nHor\u00e1rio de trabalho:<br \/>\nSegunda a quinta: 08h \u00e0s 18h<br \/>\nSexta-feira: 08h \u00e0s 17h<br \/>\nBenef\u00edcios:<br \/>\nAlimenta\u00e7\u00e3o no local<br \/>\nconv\u00eanio Sesc<br \/>\nInteressados devem enviar curr\u00edculo para participa\u00e7\u00e3o no processo seletivo.<\/p>\n<ul>\n<li>Local de trabalho: Rio de Janeiro, RJ<\/li>\n<li>Regime de contrata\u00e7\u00e3o de tipo: Efetivo \u2013 CLT<\/li>\n<li>Jornada: Per\u00edodo Integral<\/li>\n<li>\u00c1rea e especializa\u00e7\u00e3o profissional: Cont\u00e1bil, Finan\u00e7as, Economia &#8211; Finan\u00e7as<\/li>\n<li>N\u00edvel hier\u00e1rquico: Assistente<\/li>\n<\/ul>\n<p>VALORIZADO<\/p>\n<p>Tempo de experi\u00eancia: Entre 1 e 3 anos<\/p>\n<p>Escolaridade M\u00ednima: Ensino M\u00e9dio (2\u00ba Grau)<\/p>\n<p>Sal\u00e1rio: 2501,0<\/p>\n","protected":false},"excerpt":{"rendered":"<p>Empresa em crescimento contrata Assistente Administrativo com foco em Controladoria Financeira para atuar no suporte \u00e0s rotinas administrativas e financeiras. Principais responsabilidades: Apoiar nas atividades de controle financeiro e administrativo Realizar lan\u00e7amentos e confer\u00eancias de informa\u00e7\u00f5es financeiras Auxiliar no controle de contas a pagar e contas a receber Organizar documentos e relat\u00f3rios financeiros Apoiar na [&hellip;]<\/p>\n","protected":false},"author":1,"featured_media":0,"comment_status":"open","ping_status":"open","sticky":false,"template":"","format":"standard","meta":{"footnotes":""},"categories":[21],"tags":[],"class_list":["post-3553","post","type-post","status-publish","format-standard","hentry","category-rio-de-janeiro-rj"],"_links":{"self":[{"href":"https:\/\/vagas.portalemprego.com.br\/index.php?rest_route=\/wp\/v2\/posts\/3553","targetHints":{"allow":["GET"]}}],"collection":[{"href":"https:\/\/vagas.portalemprego.com.br\/index.php?rest_route=\/wp\/v2\/posts"}],"about":[{"href":"https:\/\/vagas.portalemprego.com.br\/index.php?rest_route=\/wp\/v2\/types\/post"}],"author":[{"embeddable":true,"href":"https:\/\/vagas.portalemprego.com.br\/index.php?rest_route=\/wp\/v2\/users\/1"}],"replies":[{"embeddable":true,"href":"https:\/\/vagas.portalemprego.com.br\/index.php?rest_route=%2Fwp%2Fv2%2Fcomments&post=3553"}],"version-history":[{"count":0,"href":"https:\/\/vagas.portalemprego.com.br\/index.php?rest_route=\/wp\/v2\/posts\/3553\/revisions"}],"wp:attachment":[{"href":"https:\/\/vagas.portalemprego.com.br\/index.php?rest_route=%2Fwp%2Fv2%2Fmedia&parent=3553"}],"wp:term":[{"taxonomy":"category","embeddable":true,"href":"https:\/\/vagas.portalemprego.com.br\/index.php?rest_route=%2Fwp%2Fv2%2Fcategories&post=3553"},{"taxonomy":"post_tag","embeddable":true,"href":"https:\/\/vagas.portalemprego.com.br\/index.php?rest_route=%2Fwp%2Fv2%2Ftags&post=3553"}],"curies":[{"name":"wp","href":"https:\/\/api.w.org\/{rel}","templated":true}]}}