{"id":3559,"date":"2026-04-29T06:08:08","date_gmt":"2026-04-29T09:08:08","guid":{"rendered":"https:\/\/vagas.portalemprego.com.br\/?p=3559"},"modified":"2026-04-29T06:08:08","modified_gmt":"2026-04-29T09:08:08","slug":"operadora-de-vendas-shopping-tijuca-rj-comercial-vendas-rio-de-janeiro-2","status":"publish","type":"post","link":"https:\/\/vagas.portalemprego.com.br\/?p=3559","title":{"rendered":"Operador(a) de Vendas &#8211; Shopping Tijuca\/RJ &#8211; Comercial, Vendas &#8211; Rio de Janeiro"},"content":{"rendered":"<p>Sobre a vaga:<br \/>\nTrabalhamos para voc\u00ea ser mais voc\u00ea em todos os momentos, come\u00e7ando pela sua carreira. Se voc\u00ea se identifica conosco e procura uma empresa, acima de tudo, apaixonada por pessoas, #VemPraC&amp;A! ??<\/p>\n<p>Principais atribui\u00e7\u00f5es:<br \/>\n&#8211; Atender de maneira atenciosa e cordial, garantindo os passos de atendimento, buscando solu\u00e7\u00f5es efetivas para as necessidades de nossos clientes, e realizando a venda de nossos produtos\/servi\u00e7os financeiros (Cart\u00e3o C&amp;A Pay, Seguros, Parcelamentos, etc.);<br \/>\n&#8211; Realizar a opera\u00e7\u00e3o de caixa;<br \/>\n&#8211; Acompanhar as tarefas e metas individuais di\u00e1rias;<br \/>\n&#8211; Garantir a reposi\u00e7\u00e3o de materiais no posto de trabalho.<\/p>\n<p>Requisitos obrigat\u00f3rios:<br \/>\n&#8211; Ensino M\u00e9dio completo;<br \/>\n&#8211; Disponibilidade para trabalhar em escala 6X1, no hor\u00e1rio de fechamento de loja (14:30 a 22:30);<br \/>\n&#8211; Ter boas habilidades com vendas presenciais, entendendo as necessidades da pessoa cliente;<br \/>\n&#8211; Comunicar-se de forma clara, eficiente e respeitosa.<\/p>\n<ul>\n<li>N\u00famero de vagas: 4<\/li>\n<li>Local de trabalho: Rio de Janeiro, RJ<\/li>\n<li>Regime de contrata\u00e7\u00e3o de tipo: Efetivo \u2013 CLT<\/li>\n<li>Jornada: Per\u00edodo Integral<\/li>\n<li>\u00c1rea e especializa\u00e7\u00e3o profissional: Comercial, Vendas &#8211; Lojas \/ Shopping<\/li>\n<li>N\u00edvel hier\u00e1rquico: Assistente<\/li>\n<\/ul>\n<p>HABILIDADES<\/p>\n<ul>\n<li>Habilidades com metas<\/li>\n<li>Atitude vendedora<\/li>\n<li>Agilidade<\/li>\n<\/ul>\n<p>Escolaridade M\u00ednima: Ensino M\u00e9dio (2\u00ba Grau)<\/p>\n<p>Forma\u00e7\u00e3o desejada:<\/p>\n<ul>\n<li>Ensino M\u00e9dio (2\u00ba Grau)<\/li>\n<\/ul>\n<ul>\n<li>Apoio psicol\u00f3gico, social, nutricional, fisioter\u00e1pico e esportivo<\/li>\n<li>Programas de treinamento, capacita\u00e7\u00e3o e desenvolvimento profissional (com certifica\u00e7\u00e3o)<\/li>\n<li>Vale Atitude (programa mensal de reconhecimento por desempenho com folga extra)<\/li>\n<li>Treinamentos<\/li>\n<li>Wellhub\/Gympass<\/li>\n<li>Conv\u00eanio Sesc<\/li>\n<li>Telemedicina e Teleterapias<\/li>\n<li>Conv\u00eanio Farm\u00e1cia<\/li>\n<li>Day-off \u2013 folga de anivers\u00e1rio<\/li>\n<li>Plano de carreira<\/li>\n<li>B\u00f4nus por resultado<\/li>\n<li>Vale-refei\u00e7\u00e3o<\/li>\n<li>Vale transporte<\/li>\n<li>Vale-alimenta\u00e7\u00e3o<\/li>\n<li>Caf\u00e9 da tarde no local\u00a0e\u00a0gratuito<\/li>\n<li>Desconto de 20% nos produtos C&amp;A<\/li>\n<li>Participa\u00e7\u00e3o de lucros<\/li>\n<\/ul>\n<p>Sal\u00e1rio: 3100,0<\/p>\n","protected":false},"excerpt":{"rendered":"<p>Sobre a vaga: Trabalhamos para voc\u00ea ser mais voc\u00ea em todos os momentos, come\u00e7ando pela sua carreira. Se voc\u00ea se identifica conosco e procura uma empresa, acima de tudo, apaixonada por pessoas, #VemPraC&amp;A! ?? Principais atribui\u00e7\u00f5es: &#8211; Atender de maneira atenciosa e cordial, garantindo os passos de atendimento, buscando solu\u00e7\u00f5es efetivas para as necessidades de [&hellip;]<\/p>\n","protected":false},"author":1,"featured_media":0,"comment_status":"open","ping_status":"open","sticky":false,"template":"","format":"standard","meta":{"footnotes":""},"categories":[21],"tags":[],"class_list":["post-3559","post","type-post","status-publish","format-standard","hentry","category-rio-de-janeiro-rj"],"_links":{"self":[{"href":"https:\/\/vagas.portalemprego.com.br\/index.php?rest_route=\/wp\/v2\/posts\/3559","targetHints":{"allow":["GET"]}}],"collection":[{"href":"https:\/\/vagas.portalemprego.com.br\/index.php?rest_route=\/wp\/v2\/posts"}],"about":[{"href":"https:\/\/vagas.portalemprego.com.br\/index.php?rest_route=\/wp\/v2\/types\/post"}],"author":[{"embeddable":true,"href":"https:\/\/vagas.portalemprego.com.br\/index.php?rest_route=\/wp\/v2\/users\/1"}],"replies":[{"embeddable":true,"href":"https:\/\/vagas.portalemprego.com.br\/index.php?rest_route=%2Fwp%2Fv2%2Fcomments&post=3559"}],"version-history":[{"count":0,"href":"https:\/\/vagas.portalemprego.com.br\/index.php?rest_route=\/wp\/v2\/posts\/3559\/revisions"}],"wp:attachment":[{"href":"https:\/\/vagas.portalemprego.com.br\/index.php?rest_route=%2Fwp%2Fv2%2Fmedia&parent=3559"}],"wp:term":[{"taxonomy":"category","embeddable":true,"href":"https:\/\/vagas.portalemprego.com.br\/index.php?rest_route=%2Fwp%2Fv2%2Fcategories&post=3559"},{"taxonomy":"post_tag","embeddable":true,"href":"https:\/\/vagas.portalemprego.com.br\/index.php?rest_route=%2Fwp%2Fv2%2Ftags&post=3559"}],"curies":[{"name":"wp","href":"https:\/\/api.w.org\/{rel}","templated":true}]}}