{"id":3562,"date":"2026-04-29T06:08:08","date_gmt":"2026-04-29T09:08:08","guid":{"rendered":"https:\/\/vagas.portalemprego.com.br\/?p=3562"},"modified":"2026-04-29T06:08:08","modified_gmt":"2026-04-29T09:08:08","slug":"estagio-em-pedagogia-ou-letras-educacao-ensino-idiomas-rio-de-janeiro","status":"publish","type":"post","link":"https:\/\/vagas.portalemprego.com.br\/?p=3562","title":{"rendered":"Est\u00e1gio em Pedagogia ou Letras &#8211; Educa\u00e7\u00e3o, Ensino, Idiomas &#8211; Rio de Janeiro"},"content":{"rendered":"<p>ESCOLA BIL\u00cdNGUE RENOMADA BUSCA ESTUDANTES DE LETRAS (INGL\u00caS) OU PEDAGOGIA, A PARTIR DO 4\u00ba PER\u00cdODO, PARA OPORTUNIDADE DE EST\u00c1GIO.<\/p>\n<p>ATIVIDADES:<br \/>\n&#8211; AUXILIAR NAS ATIVIDADES EM SALA DE AULA E NO APOIO PEDAG\u00d3GICO, SOB ORIENTA\u00c7\u00c3O DE PROFESSORES EXPERIENTES;<br \/>\n&#8211; AJUDAR NA PREPARA\u00c7\u00c3O DE MATERIAIS PARA A SALA DE AULA, INCLUINDO ORGANIZA\u00c7\u00c3O DE RECURSOS E MONTAGEM DE MATERIAIS PARA AS AULAS;<br \/>\n&#8211; APOIAR ASSISTENTES OU PROFESSORES NA SUPERVIS\u00c3O DOS ALUNOS DURANTE OS MOMENTOS N\u00c3O INSTRUCIONAIS, COMO RECREIO E HOR\u00c1RIO DE ALMO\u00c7O;<br \/>\n&#8211; ESTAR FAMILIARIZADO E CUMPRIR TODAS AS POL\u00cdTICAS E REGULAMENTOS ESTABELECIDOS NO MANUAL DO ENSINO FUNDAMENTAL I;<br \/>\n&#8211; INFORMAR \u00c0 LIDERAN\u00c7A DIRETA QUALQUER SITUA\u00c7\u00c3O DIFERENCIADA QUE EXIJA ATEN\u00c7\u00c3O ESPEC\u00cdFICA;<br \/>\n&#8211; APOIAR ATIVIDADES ADMINISTRATIVAS CONFORME ORIENTA\u00c7\u00c3O DA EQUIPE DE LIDERAN\u00c7A DO ENSINO FUNDAMENTAL I;<br \/>\n&#8211; DENTRE OUTRAS PERTINENTES.<\/p>\n<p>OFERECE BOLSA-AUX\u00cdLIO DE R$ 2000 + VT + ALMO\u00c7O E CAF\u00c9 DA MANH\u00c3 + PLANO DE SA\u00daDE + PLANO ODONTOL\u00d3GICO<\/p>\n<p>HOR\u00c1RIO: 08:00H \u00c0S 15:00H COM 1H DE INTERVALO &#8211; SEGUNDA A SEXTA<\/p>\n<p>LOCAL: G\u00c1VEA OU BARRA DA TIJUCA &#8211; RIO DE JANEIRO<\/p>\n<p>QUANTIDADE DE VAGAS: 4<\/p>\n<p>NECESS\u00c1RIO: INGL\u00caS AVAN\u00c7ADO (FALA E ESCRITA); CONHECIMENTO B\u00c1SICO DE PEDAGOGIA.<\/p>\n<ul>\n<li>Local de trabalho: Rio de Janeiro, RJ<\/li>\n<li>Regime de contrata\u00e7\u00e3o de tipo: Est\u00e1gio<\/li>\n<li>Jornada: Per\u00edodo Integral<\/li>\n<li>\u00c1rea e especializa\u00e7\u00e3o profissional: Educa\u00e7\u00e3o, Ensino, Idiomas &#8211; Monitor<\/li>\n<li>N\u00edvel hier\u00e1rquico: Estagi\u00e1rio<\/li>\n<\/ul>\n<p>Escolaridade M\u00ednima: Ensino Superior<\/p>\n<p>Forma\u00e7\u00e3o desejada:<\/p>\n<ul>\n<li>Letras, Ensino Superior<\/li>\n<li>Pedagogia, Ensino Superior<\/li>\n<\/ul>\n<p>Idiomas:<\/p>\n<ul>\n<li>Ingl\u00eas (Avan\u00e7ado)<\/li>\n<\/ul>\n<ul>\n<li>Aux\u00edlio transporte<\/li>\n<li>Refei\u00e7\u00e3o no local<\/li>\n<li>Assist\u00eancia m\u00e9dica<\/li>\n<li>Assist\u00eancia odontol\u00f3gica<\/li>\n<\/ul>\n<p>Sal\u00e1rio: 2000,0<\/p>\n","protected":false},"excerpt":{"rendered":"<p>ESCOLA BIL\u00cdNGUE RENOMADA BUSCA ESTUDANTES DE LETRAS (INGL\u00caS) OU PEDAGOGIA, A PARTIR DO 4\u00ba PER\u00cdODO, PARA OPORTUNIDADE DE EST\u00c1GIO. ATIVIDADES: &#8211; AUXILIAR NAS ATIVIDADES EM SALA DE AULA E NO APOIO PEDAG\u00d3GICO, SOB ORIENTA\u00c7\u00c3O DE PROFESSORES EXPERIENTES; &#8211; AJUDAR NA PREPARA\u00c7\u00c3O DE MATERIAIS PARA A SALA DE AULA, INCLUINDO ORGANIZA\u00c7\u00c3O DE RECURSOS E MONTAGEM DE [&hellip;]<\/p>\n","protected":false},"author":1,"featured_media":0,"comment_status":"open","ping_status":"open","sticky":false,"template":"","format":"standard","meta":{"footnotes":""},"categories":[21],"tags":[],"class_list":["post-3562","post","type-post","status-publish","format-standard","hentry","category-rio-de-janeiro-rj"],"_links":{"self":[{"href":"https:\/\/vagas.portalemprego.com.br\/index.php?rest_route=\/wp\/v2\/posts\/3562","targetHints":{"allow":["GET"]}}],"collection":[{"href":"https:\/\/vagas.portalemprego.com.br\/index.php?rest_route=\/wp\/v2\/posts"}],"about":[{"href":"https:\/\/vagas.portalemprego.com.br\/index.php?rest_route=\/wp\/v2\/types\/post"}],"author":[{"embeddable":true,"href":"https:\/\/vagas.portalemprego.com.br\/index.php?rest_route=\/wp\/v2\/users\/1"}],"replies":[{"embeddable":true,"href":"https:\/\/vagas.portalemprego.com.br\/index.php?rest_route=%2Fwp%2Fv2%2Fcomments&post=3562"}],"version-history":[{"count":0,"href":"https:\/\/vagas.portalemprego.com.br\/index.php?rest_route=\/wp\/v2\/posts\/3562\/revisions"}],"wp:attachment":[{"href":"https:\/\/vagas.portalemprego.com.br\/index.php?rest_route=%2Fwp%2Fv2%2Fmedia&parent=3562"}],"wp:term":[{"taxonomy":"category","embeddable":true,"href":"https:\/\/vagas.portalemprego.com.br\/index.php?rest_route=%2Fwp%2Fv2%2Fcategories&post=3562"},{"taxonomy":"post_tag","embeddable":true,"href":"https:\/\/vagas.portalemprego.com.br\/index.php?rest_route=%2Fwp%2Fv2%2Ftags&post=3562"}],"curies":[{"name":"wp","href":"https:\/\/api.w.org\/{rel}","templated":true}]}}