{"id":3563,"date":"2026-04-29T06:08:08","date_gmt":"2026-04-29T09:08:08","guid":{"rendered":"https:\/\/vagas.portalemprego.com.br\/?p=3563"},"modified":"2026-04-29T06:08:08","modified_gmt":"2026-04-29T09:08:08","slug":"promotora-de-vendas-vaga-afirmativa-tambem-para-o-publico-pcd-comercial-vendas-rio-de-janeiro","status":"publish","type":"post","link":"https:\/\/vagas.portalemprego.com.br\/?p=3563","title":{"rendered":"Promotor(a) de Vendas &#8211; Vaga Afirmativa tamb\u00e9m para o p\u00fablico PCD &#8211; Comercial, Vendas &#8211; Rio de Janeiro"},"content":{"rendered":"<p>Esta vaga tamb\u00e9m \u00e9 destinada a Pessoas com Defici\u00eancia (PCD). Valorizamos a diversidade e incentivamos a candidatura de profissionais de todos os perfis. Abastecer as lojas\u00a0de\u00a0seu roteiro com produtos, efetuando os padr\u00f5es\u00a0de\u00a0execu\u00e7\u00e3o, com o objetivo\u00a0de\u00a0atingir e superar os objetivos\u00a0de\u00a0vendas; Respons\u00e1vel controlar e organizar, com a orienta\u00e7\u00e3o do Supervisor\/ Gerente\u00a0de\u00a0Vendas\u00a0e promotor l\u00edder, a rota sob sua \u00a0responsabilidade; &#8220;Puxar frente\u201d da g\u00f4ndola, checkstand e ponto extras; Analisar e efetuar a reposi\u00e7\u00e3o dos produtos faltantes na \u00e1rea\u00a0de\u00a0vendas. No ManpowerGroup, a sua carreira tem um novo rumo! Se voc\u00ea est\u00e1 em busca de crescimento, desafios e um ambiente que valoriza o seu potencial, venha fazer parte do nosso time. Aqui, cada talento \u00e9 reconhecido e valorizado.<br \/>\nRequisitos e qualifica\u00e7\u00f5es<br \/>\nEnsino m\u00e9dio completo; Experi\u00eancia em supermercado, com reposi\u00e7\u00e3o e abastecimento de mercadorias. #PromotorDeVendas #VagaAfirmativaPCD #Inclus\u00e3oNoTrabalho #Vendas #OportunidadeDeEmprego #ManpowerGroup #VagasManpowerGroup #Manpower<\/p>\n<ul>\n<li>Local de trabalho: Rio de Janeiro, RJ<\/li>\n<li>Regime de contrata\u00e7\u00e3o de tipo: Tempor\u00e1rio<\/li>\n<li>Jornada: Per\u00edodo Integral<\/li>\n<li>\u00c1rea e especializa\u00e7\u00e3o profissional: Comercial, Vendas &#8211; Venda Externa<\/li>\n<li>N\u00edvel hier\u00e1rquico: Operacional<\/li>\n<\/ul>\n<p>Escolaridade M\u00ednima: Ensino M\u00e9dio (2\u00ba Grau)<\/p>\n<ul>\n<li>Locomo\u00e7\u00e3o; Vale Refei\u00e7\u00e3o; Plano Enfermaria; Seguro de Vida.<\/li>\n<\/ul>\n<p>Sal\u00e1rio: 2360,0<\/p>\n","protected":false},"excerpt":{"rendered":"<p>Esta vaga tamb\u00e9m \u00e9 destinada a Pessoas com Defici\u00eancia (PCD). Valorizamos a diversidade e incentivamos a candidatura de profissionais de todos os perfis. Abastecer as lojas\u00a0de\u00a0seu roteiro com produtos, efetuando os padr\u00f5es\u00a0de\u00a0execu\u00e7\u00e3o, com o objetivo\u00a0de\u00a0atingir e superar os objetivos\u00a0de\u00a0vendas; Respons\u00e1vel controlar e organizar, com a orienta\u00e7\u00e3o do Supervisor\/ Gerente\u00a0de\u00a0Vendas\u00a0e promotor l\u00edder, a rota sob sua [&hellip;]<\/p>\n","protected":false},"author":1,"featured_media":0,"comment_status":"open","ping_status":"open","sticky":false,"template":"","format":"standard","meta":{"footnotes":""},"categories":[21],"tags":[],"class_list":["post-3563","post","type-post","status-publish","format-standard","hentry","category-rio-de-janeiro-rj"],"_links":{"self":[{"href":"https:\/\/vagas.portalemprego.com.br\/index.php?rest_route=\/wp\/v2\/posts\/3563","targetHints":{"allow":["GET"]}}],"collection":[{"href":"https:\/\/vagas.portalemprego.com.br\/index.php?rest_route=\/wp\/v2\/posts"}],"about":[{"href":"https:\/\/vagas.portalemprego.com.br\/index.php?rest_route=\/wp\/v2\/types\/post"}],"author":[{"embeddable":true,"href":"https:\/\/vagas.portalemprego.com.br\/index.php?rest_route=\/wp\/v2\/users\/1"}],"replies":[{"embeddable":true,"href":"https:\/\/vagas.portalemprego.com.br\/index.php?rest_route=%2Fwp%2Fv2%2Fcomments&post=3563"}],"version-history":[{"count":0,"href":"https:\/\/vagas.portalemprego.com.br\/index.php?rest_route=\/wp\/v2\/posts\/3563\/revisions"}],"wp:attachment":[{"href":"https:\/\/vagas.portalemprego.com.br\/index.php?rest_route=%2Fwp%2Fv2%2Fmedia&parent=3563"}],"wp:term":[{"taxonomy":"category","embeddable":true,"href":"https:\/\/vagas.portalemprego.com.br\/index.php?rest_route=%2Fwp%2Fv2%2Fcategories&post=3563"},{"taxonomy":"post_tag","embeddable":true,"href":"https:\/\/vagas.portalemprego.com.br\/index.php?rest_route=%2Fwp%2Fv2%2Ftags&post=3563"}],"curies":[{"name":"wp","href":"https:\/\/api.w.org\/{rel}","templated":true}]}}