{"id":3565,"date":"2026-04-29T06:08:08","date_gmt":"2026-04-29T09:08:08","guid":{"rendered":"https:\/\/vagas.portalemprego.com.br\/?p=3565"},"modified":"2026-04-29T06:08:08","modified_gmt":"2026-04-29T09:08:08","slug":"inside-sales-comercial-vendas-rio-de-janeiro","status":"publish","type":"post","link":"https:\/\/vagas.portalemprego.com.br\/?p=3565","title":{"rendered":"Inside Sales &#8211; Comercial, Vendas &#8211; Rio de Janeiro"},"content":{"rendered":"<p>Edtech global especializada na forma\u00e7\u00e3o e certifica\u00e7\u00e3o de conselheiros, executivos e empres\u00e1rios, com forte atua\u00e7\u00e3o em governan\u00e7a corporativa e modelos de neg\u00f3cios estrat\u00e9gicos na Am\u00e9rica Latina, est\u00e1 em busca de um(a) Inside Sales para atuar na unidade do Rio de Janeiro.<br \/>\nProcuramos um perfil comercial de alta performance, com postura executiva e foco em vendas consultivas de alto valor agregado.<\/p>\n<p>Sobre a vaga:<br \/>\n* Modelo: H\u00edbrido \u2013 Rio de Janeiro\/RJ (Recreio dos Bandeirantes)<br \/>\n* Endere\u00e7o: Av. das Am\u00e9ricas \u2013 Recreio dos Bandeirantes \u2013 RJ<br \/>\n* Formato h\u00edbrido estruturado:<br \/>\n  \u2013 1\u00aa e \u00faltima semana do m\u00eas: 100% presencial<br \/>\n  \u2013 2 semanas intermedi\u00e1rias: home office<br \/>\n* Cargo: Inside Sales<br \/>\n* Contrata\u00e7\u00e3o: PJ<br \/>\n* Remunera\u00e7\u00e3o fixa: R$ 3.000,00 + comiss\u00e3o<br \/>\n* B\u00f4nus por performance individual<br \/>\n* Premia\u00e7\u00f5es<\/p>\n<p> O que voc\u00ea vai fazer:<br \/>\n* Receber leads quentes e qualificados<br \/>\n* Participar de reuni\u00f5es com decisores de alto n\u00edvel<br \/>\n* Apresentar solu\u00e7\u00f5es de forma\u00e7\u00f5es online<br \/>\n* Conduzir o cliente no processo de tomada de decis\u00e3o<br \/>\n* Realizar follow-ups estrat\u00e9gicos<br \/>\n* Atuar no p\u00f3s-venda com foco em gera\u00e7\u00e3o de novas oportunidades (LTV)<br \/>\n* Manter relacionamento ativo com a base de clientes<\/p>\n<p>O que buscamos:<br \/>\nCompet\u00eancias T\u00e9cnicas:<br \/>\n* Capacidade de fechar vendas complexas e de alto valor<br \/>\n* Dom\u00ednio de processo estruturado de vendas (apresenta\u00e7\u00e3o consultiva, negocia\u00e7\u00e3o e p\u00f3s-venda)<br \/>\n* Experi\u00eancia com CRM (Pipedrive, HubSpot, Salesforce ou similares)<br \/>\n* Gest\u00e3o de pipeline e m\u00e9tricas comerciais<br \/>\n* Comunica\u00e7\u00e3o clara, persuasiva e estrat\u00e9gica<br \/>\n* Vis\u00e3o de jornada do cliente e gera\u00e7\u00e3o de novas demandas na base<br \/>\n* Disciplina para atuar com metas agressivas<\/p>\n<p>Compet\u00eancias Comportamentais:<br \/>\n* Mentalidade de dono (alta accountability)<br \/>\n* Escuta estrat\u00e9gica<br \/>\n* Intelig\u00eancia emocional<br \/>\n* Comunica\u00e7\u00e3o executiva<br \/>\n* \u00c9tica e transpar\u00eancia<br \/>\n* Resili\u00eancia com eleg\u00e2ncia<br \/>\n* Vis\u00e3o estrat\u00e9gica de carreira<br \/>\n* Foco em relacionamento de longo prazo<br \/>\n* Postura de governan\u00e7a<\/p>\n<ul>\n<li>Local de trabalho: Rio de Janeiro, RJ<\/li>\n<li>Regime de contrata\u00e7\u00e3o de tipo: Prestador de Servi\u00e7os (PJ)<\/li>\n<li>Jornada: Per\u00edodo Integral<\/li>\n<li>\u00c1rea e especializa\u00e7\u00e3o profissional: Comercial, Vendas &#8211; Venda Interna<\/li>\n<li>N\u00edvel hier\u00e1rquico: Analista<\/li>\n<\/ul>\n<p>VALORIZADO<\/p>\n<p>Tempo de experi\u00eancia: Entre 1 e 3 anos<\/p>\n<p>HABILIDADES<\/p>\n<ul>\n<li>Comunica\u00e7\u00e3o clara<\/li>\n<li>Organiza\u00e7\u00e3o<\/li>\n<li>Proatividade<\/li>\n<\/ul>\n<p>Escolaridade M\u00ednima: Ensino M\u00e9dio (2\u00ba Grau)<\/p>\n<p>Sal\u00e1rio: 3000,0<\/p>\n","protected":false},"excerpt":{"rendered":"<p>Edtech global especializada na forma\u00e7\u00e3o e certifica\u00e7\u00e3o de conselheiros, executivos e empres\u00e1rios, com forte atua\u00e7\u00e3o em governan\u00e7a corporativa e modelos de neg\u00f3cios estrat\u00e9gicos na Am\u00e9rica Latina, est\u00e1 em busca de um(a) Inside Sales para atuar na unidade do Rio de Janeiro. Procuramos um perfil comercial de alta performance, com postura executiva e foco em vendas [&hellip;]<\/p>\n","protected":false},"author":1,"featured_media":0,"comment_status":"open","ping_status":"open","sticky":false,"template":"","format":"standard","meta":{"footnotes":""},"categories":[21],"tags":[],"class_list":["post-3565","post","type-post","status-publish","format-standard","hentry","category-rio-de-janeiro-rj"],"_links":{"self":[{"href":"https:\/\/vagas.portalemprego.com.br\/index.php?rest_route=\/wp\/v2\/posts\/3565","targetHints":{"allow":["GET"]}}],"collection":[{"href":"https:\/\/vagas.portalemprego.com.br\/index.php?rest_route=\/wp\/v2\/posts"}],"about":[{"href":"https:\/\/vagas.portalemprego.com.br\/index.php?rest_route=\/wp\/v2\/types\/post"}],"author":[{"embeddable":true,"href":"https:\/\/vagas.portalemprego.com.br\/index.php?rest_route=\/wp\/v2\/users\/1"}],"replies":[{"embeddable":true,"href":"https:\/\/vagas.portalemprego.com.br\/index.php?rest_route=%2Fwp%2Fv2%2Fcomments&post=3565"}],"version-history":[{"count":0,"href":"https:\/\/vagas.portalemprego.com.br\/index.php?rest_route=\/wp\/v2\/posts\/3565\/revisions"}],"wp:attachment":[{"href":"https:\/\/vagas.portalemprego.com.br\/index.php?rest_route=%2Fwp%2Fv2%2Fmedia&parent=3565"}],"wp:term":[{"taxonomy":"category","embeddable":true,"href":"https:\/\/vagas.portalemprego.com.br\/index.php?rest_route=%2Fwp%2Fv2%2Fcategories&post=3565"},{"taxonomy":"post_tag","embeddable":true,"href":"https:\/\/vagas.portalemprego.com.br\/index.php?rest_route=%2Fwp%2Fv2%2Ftags&post=3565"}],"curies":[{"name":"wp","href":"https:\/\/api.w.org\/{rel}","templated":true}]}}