{"id":3574,"date":"2026-04-29T06:08:08","date_gmt":"2026-04-29T09:08:08","guid":{"rendered":"https:\/\/vagas.portalemprego.com.br\/?p=3574"},"modified":"2026-04-29T06:08:08","modified_gmt":"2026-04-29T09:08:08","slug":"inspetor-de-qualidade-industrial-producao-fabrica-rio-de-janeiro","status":"publish","type":"post","link":"https:\/\/vagas.portalemprego.com.br\/?p=3574","title":{"rendered":"Inspetor de Qualidade &#8211; Industrial, Produ\u00e7\u00e3o, F\u00e1brica &#8211; Rio de Janeiro"},"content":{"rendered":"<p>Descritivo das responsabilidades:<\/p>\n<p>Inspecionar produtos acabados e semiacabados no processo interno e externo, conforme necessidade, em acordo com padr\u00f5es de qualidade determinados pela empresa, garantindo o fluxo de identifica\u00e7\u00e3o, lan\u00e7amento dos dados e tratativas das derivas, assim como apoio na sensibiliza\u00e7\u00e3o das equipes e nas an\u00e1lises e tratamentos das melhorias relacionadas a qualidade.<br \/>\nGarantia dos padr\u00f5es e metodologias implantadas, observando, sinalizando e registrando as observa\u00e7\u00f5es sobre os 3Ps.<br \/>\nElaborar relat\u00f3rios pertinentes aos processos de qualidade dentro do seu escopo.<br \/>\nMonitorar cumprimento de procedimentos, normas, instru\u00e7\u00f5es de trabalho, analisar e arquivar documenta\u00e7\u00f5es do setor, dentro de seu escopo de trabalho, liberar produtos garantindo os devidos registros, em acordo com os padr\u00f5es.<br \/>\nParticipar de reuni\u00f5es de performance, pilotar os indicadores, an\u00e1lises e a\u00e7\u00f5es referente a inspe\u00e7\u00e3o de qualidade.  <\/p>\n<p>Pr\u00e9-requisitos:<\/p>\n<p>Ensino m\u00e9dio completo<br \/>\nExperi\u00eancia em processos e ferramentas da qualidade.<br \/>\nConhecimento em Excel<br \/>\nPr\u00f3 atividade<br \/>\nDinamismo<br \/>\nBom n\u00edvel de comunica\u00e7\u00e3o<\/p>\n<p>Diferencial para vaga:<\/p>\n<p>\u2022\tExperi\u00eancia na qualidade<br \/>\n\u2022\tForma\u00e7\u00e3o em ferramentas como 5s, Ishikawa, PDCA etc.<br \/>\n\u2022\tForma\u00e7\u00e3o Belt<br \/>\n\u2022\tConhecimento intermedi\u00e1rio pacote office<br \/>\n\u2022\tDesenho t\u00e9cnico<\/p>\n<ul>\n<li>Local de trabalho: Rio de Janeiro, RJ<\/li>\n<li>Regime de contrata\u00e7\u00e3o de tipo: Efetivo \u2013 CLT<\/li>\n<li>Jornada: Per\u00edodo Integral<\/li>\n<li>\u00c1rea e especializa\u00e7\u00e3o profissional: Industrial, Produ\u00e7\u00e3o, F\u00e1brica &#8211; Produ\u00e7\u00e3o<\/li>\n<li>N\u00edvel hier\u00e1rquico: Operacional<\/li>\n<\/ul>\n<p>VALORIZADO<\/p>\n<p>Tempo de experi\u00eancia: Entre 3 e 5 anos<\/p>\n<p>Escolaridade M\u00ednima: Ensino M\u00e9dio (2\u00ba Grau)<\/p>\n<ul>\n<li>Assist\u00eancia m\u00e9dica<\/li>\n<li>Assist\u00eancia odontol\u00f3gica<\/li>\n<li>VT<\/li>\n<li>AUXILIO FUNERAL<\/li>\n<li>Seguro de Vida<\/li>\n<li>Refei\u00e7\u00e3o no local<\/li>\n<\/ul>\n","protected":false},"excerpt":{"rendered":"<p>Descritivo das responsabilidades: Inspecionar produtos acabados e semiacabados no processo interno e externo, conforme necessidade, em acordo com padr\u00f5es de qualidade determinados pela empresa, garantindo o fluxo de identifica\u00e7\u00e3o, lan\u00e7amento dos dados e tratativas das derivas, assim como apoio na sensibiliza\u00e7\u00e3o das equipes e nas an\u00e1lises e tratamentos das melhorias relacionadas a qualidade. Garantia dos [&hellip;]<\/p>\n","protected":false},"author":1,"featured_media":0,"comment_status":"open","ping_status":"open","sticky":false,"template":"","format":"standard","meta":{"footnotes":""},"categories":[21],"tags":[],"class_list":["post-3574","post","type-post","status-publish","format-standard","hentry","category-rio-de-janeiro-rj"],"_links":{"self":[{"href":"https:\/\/vagas.portalemprego.com.br\/index.php?rest_route=\/wp\/v2\/posts\/3574","targetHints":{"allow":["GET"]}}],"collection":[{"href":"https:\/\/vagas.portalemprego.com.br\/index.php?rest_route=\/wp\/v2\/posts"}],"about":[{"href":"https:\/\/vagas.portalemprego.com.br\/index.php?rest_route=\/wp\/v2\/types\/post"}],"author":[{"embeddable":true,"href":"https:\/\/vagas.portalemprego.com.br\/index.php?rest_route=\/wp\/v2\/users\/1"}],"replies":[{"embeddable":true,"href":"https:\/\/vagas.portalemprego.com.br\/index.php?rest_route=%2Fwp%2Fv2%2Fcomments&post=3574"}],"version-history":[{"count":0,"href":"https:\/\/vagas.portalemprego.com.br\/index.php?rest_route=\/wp\/v2\/posts\/3574\/revisions"}],"wp:attachment":[{"href":"https:\/\/vagas.portalemprego.com.br\/index.php?rest_route=%2Fwp%2Fv2%2Fmedia&parent=3574"}],"wp:term":[{"taxonomy":"category","embeddable":true,"href":"https:\/\/vagas.portalemprego.com.br\/index.php?rest_route=%2Fwp%2Fv2%2Fcategories&post=3574"},{"taxonomy":"post_tag","embeddable":true,"href":"https:\/\/vagas.portalemprego.com.br\/index.php?rest_route=%2Fwp%2Fv2%2Ftags&post=3574"}],"curies":[{"name":"wp","href":"https:\/\/api.w.org\/{rel}","templated":true}]}}