{"id":3578,"date":"2026-04-29T06:08:08","date_gmt":"2026-04-29T09:08:08","guid":{"rendered":"https:\/\/vagas.portalemprego.com.br\/?p=3578"},"modified":"2026-04-29T06:08:08","modified_gmt":"2026-04-29T09:08:08","slug":"secretaria-vaga-afirmativa-tambem-para-o-publico-pcd-administracao-rio-de-janeiro-2","status":"publish","type":"post","link":"https:\/\/vagas.portalemprego.com.br\/?p=3578","title":{"rendered":"Secretaria &#8211; Vaga Afirmativa tamb\u00e9m para o p\u00fablico PCD &#8211; Administra\u00e7\u00e3o &#8211; Rio de Janeiro"},"content":{"rendered":"<p>Responsabilidades e atribui\u00e7\u00f5es<br \/>\nEsta vaga tamb\u00e9m \u00e9 destinada a Pessoas com Defici\u00eancia (PCD). Valorizamos a diversidade e incentivamos a candidatura de profissionais de todos os perfis. Gest\u00e3o de agendas e viagens, organiza\u00e7\u00e3o de reuni\u00f5es e eventos, controle de pagamentos pessoais, apoio administrativo \u00e0s \u00e1reas jur\u00eddica e financeira, atendimento a clientes e fornecedores. No ManpowerGroup, a sua carreira tem um novo rumo! Se voc\u00ea est\u00e1 em busca de crescimento, desafios e um ambiente que valoriza o seu potencial, venha fazer parte do nosso time. Aqui, cada talento \u00e9 reconhecido e valorizado.<br \/>\nRequisitos e qualifica\u00e7\u00f5es<br \/>\nEnsino M\u00e9dio completo; Dom\u00ednio do pacote Office, gest\u00e3o de agendas, elabora\u00e7\u00e3o de relat\u00f3rios e documentos formais; Ensino t\u00e9cnico profissionalizante desej\u00e1vel. #Secretaria #VagaAfirmativaPCD #Inclus\u00e3oNoTrabalho #\u00c1reaAdministrativa #OportunidadeDeEmprego #ManpowerGroup #VagasManpowerGroup #Manpower<\/p>\n<ul>\n<li>Local de trabalho: Rio de Janeiro, RJ<\/li>\n<li>Regime de contrata\u00e7\u00e3o de tipo: Tempor\u00e1rio<\/li>\n<li>Jornada: Per\u00edodo Integral<\/li>\n<li>\u00c1rea e especializa\u00e7\u00e3o profissional: Administra\u00e7\u00e3o &#8211; Secretariado<\/li>\n<li>N\u00edvel hier\u00e1rquico: Operacional<\/li>\n<\/ul>\n<p>Escolaridade M\u00ednima: Ensino M\u00e9dio (2\u00ba Grau)<\/p>\n<p>Sal\u00e1rio: 5000,0<\/p>\n","protected":false},"excerpt":{"rendered":"<p>Responsabilidades e atribui\u00e7\u00f5es Esta vaga tamb\u00e9m \u00e9 destinada a Pessoas com Defici\u00eancia (PCD). Valorizamos a diversidade e incentivamos a candidatura de profissionais de todos os perfis. Gest\u00e3o de agendas e viagens, organiza\u00e7\u00e3o de reuni\u00f5es e eventos, controle de pagamentos pessoais, apoio administrativo \u00e0s \u00e1reas jur\u00eddica e financeira, atendimento a clientes e fornecedores. No ManpowerGroup, a [&hellip;]<\/p>\n","protected":false},"author":1,"featured_media":0,"comment_status":"open","ping_status":"open","sticky":false,"template":"","format":"standard","meta":{"footnotes":""},"categories":[21],"tags":[],"class_list":["post-3578","post","type-post","status-publish","format-standard","hentry","category-rio-de-janeiro-rj"],"_links":{"self":[{"href":"https:\/\/vagas.portalemprego.com.br\/index.php?rest_route=\/wp\/v2\/posts\/3578","targetHints":{"allow":["GET"]}}],"collection":[{"href":"https:\/\/vagas.portalemprego.com.br\/index.php?rest_route=\/wp\/v2\/posts"}],"about":[{"href":"https:\/\/vagas.portalemprego.com.br\/index.php?rest_route=\/wp\/v2\/types\/post"}],"author":[{"embeddable":true,"href":"https:\/\/vagas.portalemprego.com.br\/index.php?rest_route=\/wp\/v2\/users\/1"}],"replies":[{"embeddable":true,"href":"https:\/\/vagas.portalemprego.com.br\/index.php?rest_route=%2Fwp%2Fv2%2Fcomments&post=3578"}],"version-history":[{"count":0,"href":"https:\/\/vagas.portalemprego.com.br\/index.php?rest_route=\/wp\/v2\/posts\/3578\/revisions"}],"wp:attachment":[{"href":"https:\/\/vagas.portalemprego.com.br\/index.php?rest_route=%2Fwp%2Fv2%2Fmedia&parent=3578"}],"wp:term":[{"taxonomy":"category","embeddable":true,"href":"https:\/\/vagas.portalemprego.com.br\/index.php?rest_route=%2Fwp%2Fv2%2Fcategories&post=3578"},{"taxonomy":"post_tag","embeddable":true,"href":"https:\/\/vagas.portalemprego.com.br\/index.php?rest_route=%2Fwp%2Fv2%2Ftags&post=3578"}],"curies":[{"name":"wp","href":"https:\/\/api.w.org\/{rel}","templated":true}]}}