{"id":3582,"date":"2026-04-29T06:08:08","date_gmt":"2026-04-29T09:08:08","guid":{"rendered":"https:\/\/vagas.portalemprego.com.br\/?p=3582"},"modified":"2026-04-29T06:08:08","modified_gmt":"2026-04-29T09:08:08","slug":"analista-de-relacoes-publicas-jr-marketing-rio-de-janeiro","status":"publish","type":"post","link":"https:\/\/vagas.portalemprego.com.br\/?p=3582","title":{"rendered":"Analista de Rela\u00e7\u00f5es P\u00fablicas Jr &#8211; Marketing &#8211; Rio de Janeiro"},"content":{"rendered":"<p>Responsabilidades e atribui\u00e7\u00f5es<br \/>\nProdu\u00e7\u00e3o de eventos com criatividade, interlocu\u00e7\u00f5es, organiza\u00e7\u00e3o e planejamento. Desenvolvimento de apresenta\u00e7\u00f5es para constru\u00e7\u00e3o de ativa\u00e7\u00e3o e acompanhamento de todo processo para a realiza\u00e7\u00e3o de um evento.<br \/>\nRequisitos e qualifica\u00e7\u00f5es<br \/>\nEnsino Superior em Publicidade, Marketing, Rela\u00e7\u00f5es P\u00fablicas ou Turismo. Experi\u00eancia com produ\u00e7\u00e3o de eventos corporativos e clientes finais e gest\u00e3o de projetos. Disponibilidade para atuar em eventos finais de semana. Compet\u00eancias e Habilidades: Profissional proativo e comunicativo, voltado para atua\u00e7\u00e3o estrat\u00e9gica em comunica\u00e7\u00e3o corporativa e relacionamento com clientes.<\/p>\n<ul>\n<li>Local de trabalho: Rio de Janeiro, RJ<\/li>\n<li>Regime de contrata\u00e7\u00e3o de tipo: Tempor\u00e1rio<\/li>\n<li>Jornada: Per\u00edodo Integral<\/li>\n<li>\u00c1rea e especializa\u00e7\u00e3o profissional: Marketing &#8211; Marketing<\/li>\n<li>N\u00edvel hier\u00e1rquico: Analista<\/li>\n<\/ul>\n<p>Escolaridade M\u00ednima: Ensino Superior<\/p>\n<p>Forma\u00e7\u00e3o desejada:<\/p>\n<ul>\n<li>Publicidade e propaganda, Ensino Superior<\/li>\n<li>Marketing, Ensino Superior<\/li>\n<\/ul>\n<ul>\n<li>Vale Refei\u00e7\u00e3o Vale Transporte<\/li>\n<\/ul>\n<p>Sal\u00e1rio: 4720,0<\/p>\n","protected":false},"excerpt":{"rendered":"<p>Responsabilidades e atribui\u00e7\u00f5es Produ\u00e7\u00e3o de eventos com criatividade, interlocu\u00e7\u00f5es, organiza\u00e7\u00e3o e planejamento. Desenvolvimento de apresenta\u00e7\u00f5es para constru\u00e7\u00e3o de ativa\u00e7\u00e3o e acompanhamento de todo processo para a realiza\u00e7\u00e3o de um evento. Requisitos e qualifica\u00e7\u00f5es Ensino Superior em Publicidade, Marketing, Rela\u00e7\u00f5es P\u00fablicas ou Turismo. Experi\u00eancia com produ\u00e7\u00e3o de eventos corporativos e clientes finais e gest\u00e3o de projetos. [&hellip;]<\/p>\n","protected":false},"author":1,"featured_media":0,"comment_status":"open","ping_status":"open","sticky":false,"template":"","format":"standard","meta":{"footnotes":""},"categories":[21],"tags":[],"class_list":["post-3582","post","type-post","status-publish","format-standard","hentry","category-rio-de-janeiro-rj"],"_links":{"self":[{"href":"https:\/\/vagas.portalemprego.com.br\/index.php?rest_route=\/wp\/v2\/posts\/3582","targetHints":{"allow":["GET"]}}],"collection":[{"href":"https:\/\/vagas.portalemprego.com.br\/index.php?rest_route=\/wp\/v2\/posts"}],"about":[{"href":"https:\/\/vagas.portalemprego.com.br\/index.php?rest_route=\/wp\/v2\/types\/post"}],"author":[{"embeddable":true,"href":"https:\/\/vagas.portalemprego.com.br\/index.php?rest_route=\/wp\/v2\/users\/1"}],"replies":[{"embeddable":true,"href":"https:\/\/vagas.portalemprego.com.br\/index.php?rest_route=%2Fwp%2Fv2%2Fcomments&post=3582"}],"version-history":[{"count":0,"href":"https:\/\/vagas.portalemprego.com.br\/index.php?rest_route=\/wp\/v2\/posts\/3582\/revisions"}],"wp:attachment":[{"href":"https:\/\/vagas.portalemprego.com.br\/index.php?rest_route=%2Fwp%2Fv2%2Fmedia&parent=3582"}],"wp:term":[{"taxonomy":"category","embeddable":true,"href":"https:\/\/vagas.portalemprego.com.br\/index.php?rest_route=%2Fwp%2Fv2%2Fcategories&post=3582"},{"taxonomy":"post_tag","embeddable":true,"href":"https:\/\/vagas.portalemprego.com.br\/index.php?rest_route=%2Fwp%2Fv2%2Ftags&post=3582"}],"curies":[{"name":"wp","href":"https:\/\/api.w.org\/{rel}","templated":true}]}}