{"id":3585,"date":"2026-04-29T06:08:08","date_gmt":"2026-04-29T09:08:08","guid":{"rendered":"https:\/\/vagas.portalemprego.com.br\/?p=3585"},"modified":"2026-04-29T06:08:08","modified_gmt":"2026-04-29T09:08:08","slug":"meio-oficial-de-obra-industrial-producao-fabrica-rio-de-janeiro","status":"publish","type":"post","link":"https:\/\/vagas.portalemprego.com.br\/?p=3585","title":{"rendered":"meio oficial de obra &#8211; Industrial, Produ\u00e7\u00e3o, F\u00e1brica &#8211; Rio de Janeiro"},"content":{"rendered":"<p>Preparar e misturar argamassa, concreto e outros materiais, utilizando processos manuais ou mec\u00e2nicos, Realizar cortes, ajustes e acabamentos em pe\u00e7as de alvenaria, pisos, e outros materiais de acabamento. Manter o local de trabalho organizado, limpo e seguro, cuidando do transporte, armazenamento e conserva\u00e7\u00e3o de ferramentas e materiais Auxiliar em pequenos reparos e manuten\u00e7\u00f5es el\u00e9tricas, hidr\u00e1ulicas, de pintura ou alvenaria, quando solicitado. Seguir rigorosamente as normas de seguran\u00e7a e higiene do trabalho,<\/p>\n<ul>\n<li>Local de trabalho: Rio de Janeiro, RJ<\/li>\n<li>Regime de contrata\u00e7\u00e3o de tipo: Efetivo \u2013 CLT<\/li>\n<li>Jornada: Per\u00edodo Integral<\/li>\n<li>\u00c1rea e especializa\u00e7\u00e3o profissional: Industrial, Produ\u00e7\u00e3o, F\u00e1brica &#8211; Produ\u00e7\u00e3o<\/li>\n<li>N\u00edvel hier\u00e1rquico: Auxiliar<\/li>\n<\/ul>\n<p>VALORIZADO<\/p>\n<p>Tempo de experi\u00eancia: Entre 1 e 3 anos<\/p>\n<p>Escolaridade M\u00ednima: Ensino Fundamental (1\u00ba grau)<\/p>\n<ul>\n<li>Plano de sa\u00fade , plano odontol\u00f3gico , cesta b\u00e1sica , VT e seguro de vida<\/li>\n<\/ul>\n<p>Sal\u00e1rio: 2540,0<\/p>\n","protected":false},"excerpt":{"rendered":"<p>Preparar e misturar argamassa, concreto e outros materiais, utilizando processos manuais ou mec\u00e2nicos, Realizar cortes, ajustes e acabamentos em pe\u00e7as de alvenaria, pisos, e outros materiais de acabamento. Manter o local de trabalho organizado, limpo e seguro, cuidando do transporte, armazenamento e conserva\u00e7\u00e3o de ferramentas e materiais Auxiliar em pequenos reparos e manuten\u00e7\u00f5es el\u00e9tricas, hidr\u00e1ulicas, [&hellip;]<\/p>\n","protected":false},"author":1,"featured_media":0,"comment_status":"open","ping_status":"open","sticky":false,"template":"","format":"standard","meta":{"footnotes":""},"categories":[21],"tags":[],"class_list":["post-3585","post","type-post","status-publish","format-standard","hentry","category-rio-de-janeiro-rj"],"_links":{"self":[{"href":"https:\/\/vagas.portalemprego.com.br\/index.php?rest_route=\/wp\/v2\/posts\/3585","targetHints":{"allow":["GET"]}}],"collection":[{"href":"https:\/\/vagas.portalemprego.com.br\/index.php?rest_route=\/wp\/v2\/posts"}],"about":[{"href":"https:\/\/vagas.portalemprego.com.br\/index.php?rest_route=\/wp\/v2\/types\/post"}],"author":[{"embeddable":true,"href":"https:\/\/vagas.portalemprego.com.br\/index.php?rest_route=\/wp\/v2\/users\/1"}],"replies":[{"embeddable":true,"href":"https:\/\/vagas.portalemprego.com.br\/index.php?rest_route=%2Fwp%2Fv2%2Fcomments&post=3585"}],"version-history":[{"count":0,"href":"https:\/\/vagas.portalemprego.com.br\/index.php?rest_route=\/wp\/v2\/posts\/3585\/revisions"}],"wp:attachment":[{"href":"https:\/\/vagas.portalemprego.com.br\/index.php?rest_route=%2Fwp%2Fv2%2Fmedia&parent=3585"}],"wp:term":[{"taxonomy":"category","embeddable":true,"href":"https:\/\/vagas.portalemprego.com.br\/index.php?rest_route=%2Fwp%2Fv2%2Fcategories&post=3585"},{"taxonomy":"post_tag","embeddable":true,"href":"https:\/\/vagas.portalemprego.com.br\/index.php?rest_route=%2Fwp%2Fv2%2Ftags&post=3585"}],"curies":[{"name":"wp","href":"https:\/\/api.w.org\/{rel}","templated":true}]}}