{"id":3588,"date":"2026-04-29T06:09:09","date_gmt":"2026-04-29T09:09:09","guid":{"rendered":"https:\/\/vagas.portalemprego.com.br\/?p=3588"},"modified":"2026-04-29T06:09:09","modified_gmt":"2026-04-29T09:09:09","slug":"1413-esteticista-estetica-nova-friburgo","status":"publish","type":"post","link":"https:\/\/vagas.portalemprego.com.br\/?p=3588","title":{"rendered":"#1413 Esteticista &#8211; Est\u00e9tica &#8211; Nova Friburgo"},"content":{"rendered":"<p>Introdu\u00e7\u00e3o:Estamos em busca de um esteticista para se juntar \u00e0 nossa equipe. A posi\u00e7\u00e3o oferece a oportunidade de trabalhar em um ambiente din\u00e2mico e colaborativo, focado em melhorar a qualidade de vida dos nossos clientes.<br \/>\nFun\u00e7\u00f5es:<br \/>\nDrenagem<br \/>\nP\u00f3s operat\u00f3rio<br \/>\nMassagem<br \/>\nEst\u00e9tica corporal e facial<br \/>\nRealizar procedimentos est\u00e9ticos variados<br \/>\nAcompanhar e avaliar resultados dos tratamentos<br \/>\nColaborar com outros profissionais da \u00e1rea de sa\u00fade<br \/>\nManter o ambiente de trabalho limpo e organizado<\/p>\n<p>Requisitos:<br \/>\nExperi\u00eancia em est\u00e9tica e cuidados com a pele, massoterapia<br \/>\nConhecimento em t\u00e9cnicas de massagem e drenagem linf\u00e1tica<br \/>\nCapacidade de trabalhar em equipe e atender bem ao cliente<br \/>\nCertificado t\u00e9cnico em est\u00e9tica\/ Massoterapeuta<\/p>\n<p>Benef\u00edcios:<br \/>\nComiss\u00f5es de 2% sobre vendas de produtos e servi\u00e7os + premia\u00e7\u00f5es + VT<br \/>\nOferecemos um ambiente de trabalho acolhedor<br \/>\nVoc\u00ea ter\u00e1 acesso a treinamentos cont\u00ednuos<br \/>\nAmbiente de trabalho seguro e agrad\u00e1vel<\/p>\n<p>Trabalhe conosco e contribua para o bem-estar de nossos clientes!<\/p>\n<ul>\n<li>Local de trabalho: Nova Friburgo, RJ<\/li>\n<li>Regime de contrata\u00e7\u00e3o de tipo: Efetivo \u2013 CLT<\/li>\n<li>Jornada: Per\u00edodo Integral<\/li>\n<li>\u00c1rea e especializa\u00e7\u00e3o profissional: Est\u00e9tica &#8211; Esteticista<\/li>\n<li>N\u00edvel hier\u00e1rquico: Operacional<\/li>\n<\/ul>\n<p>VALORIZADO<\/p>\n<p>Tempo de experi\u00eancia: Entre 1 e 3 anos<\/p>\n<p>HABILIDADES<\/p>\n<ul>\n<li>esteticista<\/li>\n<li>massoterapeuta<\/li>\n<li>corporal e facial<\/li>\n<\/ul>\n<p>Escolaridade M\u00ednima: Curso extra-curricular \/ Profissionalizante<\/p>\n<p>Forma\u00e7\u00e3o desejada:<\/p>\n<ul>\n<li>Ensino M\u00e9dio (2\u00ba Grau)<\/li>\n<\/ul>\n<ul>\n<li>Comiss\u00f5es de 2% sobre vendas de produtos e servi\u00e7os   premia\u00e7\u00f5es   VT<\/li>\n<\/ul>\n<p>Sal\u00e1rio: 3500,0<\/p>\n","protected":false},"excerpt":{"rendered":"<p>Introdu\u00e7\u00e3o:Estamos em busca de um esteticista para se juntar \u00e0 nossa equipe. A posi\u00e7\u00e3o oferece a oportunidade de trabalhar em um ambiente din\u00e2mico e colaborativo, focado em melhorar a qualidade de vida dos nossos clientes. Fun\u00e7\u00f5es: Drenagem P\u00f3s operat\u00f3rio Massagem Est\u00e9tica corporal e facial Realizar procedimentos est\u00e9ticos variados Acompanhar e avaliar resultados dos tratamentos Colaborar [&hellip;]<\/p>\n","protected":false},"author":1,"featured_media":0,"comment_status":"open","ping_status":"open","sticky":false,"template":"","format":"standard","meta":{"footnotes":""},"categories":[21],"tags":[],"class_list":["post-3588","post","type-post","status-publish","format-standard","hentry","category-rio-de-janeiro-rj"],"_links":{"self":[{"href":"https:\/\/vagas.portalemprego.com.br\/index.php?rest_route=\/wp\/v2\/posts\/3588","targetHints":{"allow":["GET"]}}],"collection":[{"href":"https:\/\/vagas.portalemprego.com.br\/index.php?rest_route=\/wp\/v2\/posts"}],"about":[{"href":"https:\/\/vagas.portalemprego.com.br\/index.php?rest_route=\/wp\/v2\/types\/post"}],"author":[{"embeddable":true,"href":"https:\/\/vagas.portalemprego.com.br\/index.php?rest_route=\/wp\/v2\/users\/1"}],"replies":[{"embeddable":true,"href":"https:\/\/vagas.portalemprego.com.br\/index.php?rest_route=%2Fwp%2Fv2%2Fcomments&post=3588"}],"version-history":[{"count":0,"href":"https:\/\/vagas.portalemprego.com.br\/index.php?rest_route=\/wp\/v2\/posts\/3588\/revisions"}],"wp:attachment":[{"href":"https:\/\/vagas.portalemprego.com.br\/index.php?rest_route=%2Fwp%2Fv2%2Fmedia&parent=3588"}],"wp:term":[{"taxonomy":"category","embeddable":true,"href":"https:\/\/vagas.portalemprego.com.br\/index.php?rest_route=%2Fwp%2Fv2%2Fcategories&post=3588"},{"taxonomy":"post_tag","embeddable":true,"href":"https:\/\/vagas.portalemprego.com.br\/index.php?rest_route=%2Fwp%2Fv2%2Ftags&post=3588"}],"curies":[{"name":"wp","href":"https:\/\/api.w.org\/{rel}","templated":true}]}}