{"id":3590,"date":"2026-04-29T06:09:09","date_gmt":"2026-04-29T09:09:09","guid":{"rendered":"https:\/\/vagas.portalemprego.com.br\/?p=3590"},"modified":"2026-04-29T06:09:09","modified_gmt":"2026-04-29T09:09:09","slug":"1413-enfermeira-esteta-estetica-nova-friburgo","status":"publish","type":"post","link":"https:\/\/vagas.portalemprego.com.br\/?p=3590","title":{"rendered":"#1413 Enfermeira Esteta &#8211; Est\u00e9tica &#8211; Nova Friburgo"},"content":{"rendered":"<p>Oportunidade: Estamos buscando uma Enfermeira Esteta para se juntar \u00e0 nossa equipe. A posi\u00e7\u00e3o \u00e9 presencial e oferece uma chance de contribuir com um ambiente de trabalho colaborativo e inovador.<br \/>\nFun\u00e7\u00f5es:<br \/>\nEstetica em geral, facial , corporal.<br \/>\nAplica\u00e7\u00e3o de formulas magistrais.<br \/>\nGerenciar procedimentos est\u00e9ticos de enfermagem<br \/>\nCoordenar atividades com outros profissionais da \u00e1rea<br \/>\nAcompanhar resultados e evolu\u00e7\u00f5es dos pacientes<br \/>\nColaborar na manuten\u00e7\u00e3o de protocolos de higiene e seguran\u00e7a<\/p>\n<p>Requisitos:<br \/>\nP\u00f3s gradua\u00e7\u00e3o em est\u00e9tica. (Esteta)<br \/>\nExperiencia\u00a0na fun\u00e7\u00e3o e em clinicas.<\/p>\n<p>Benef\u00edcios:<br \/>\nComiss\u00f5es de 2% sobre vendas de produtos e servi\u00e7os + premia\u00e7\u00f5es + Vale Transporte .<br \/>\nOferecemos ambiente de trabalho acolhedor<br \/>\nVoc\u00ea ter\u00e1 acesso a treinamentos cont\u00ednuos<br \/>\nAmbiente de colabora\u00e7\u00e3o e aprendizado<\/p>\n<ul>\n<li>Local de trabalho: Nova Friburgo, RJ<\/li>\n<li>Regime de contrata\u00e7\u00e3o de tipo: Efetivo \u2013 CLT<\/li>\n<li>Jornada: Per\u00edodo Integral<\/li>\n<li>\u00c1rea e especializa\u00e7\u00e3o profissional: Est\u00e9tica &#8211; Esteticista<\/li>\n<li>N\u00edvel hier\u00e1rquico: Especialista<\/li>\n<\/ul>\n<p>VALORIZADO<\/p>\n<p>Tempo de experi\u00eancia: Entre 1 e 3 anos<\/p>\n<p>HABILIDADES<\/p>\n<ul>\n<li>P\u00f3s Gradua\u00e7\u00e3o<\/li>\n<li>Esteticista<\/li>\n<li>Esteta<\/li>\n<\/ul>\n<p>Escolaridade M\u00ednima: P\u00f3s-gradua\u00e7\u00e3o &#8211; Especializa\u00e7\u00e3o\/MBA<\/p>\n<p>Sal\u00e1rio: 6000,0<\/p>\n","protected":false},"excerpt":{"rendered":"<p>Oportunidade: Estamos buscando uma Enfermeira Esteta para se juntar \u00e0 nossa equipe. A posi\u00e7\u00e3o \u00e9 presencial e oferece uma chance de contribuir com um ambiente de trabalho colaborativo e inovador. Fun\u00e7\u00f5es: Estetica em geral, facial , corporal. Aplica\u00e7\u00e3o de formulas magistrais. Gerenciar procedimentos est\u00e9ticos de enfermagem Coordenar atividades com outros profissionais da \u00e1rea Acompanhar resultados [&hellip;]<\/p>\n","protected":false},"author":1,"featured_media":0,"comment_status":"open","ping_status":"open","sticky":false,"template":"","format":"standard","meta":{"footnotes":""},"categories":[21],"tags":[],"class_list":["post-3590","post","type-post","status-publish","format-standard","hentry","category-rio-de-janeiro-rj"],"_links":{"self":[{"href":"https:\/\/vagas.portalemprego.com.br\/index.php?rest_route=\/wp\/v2\/posts\/3590","targetHints":{"allow":["GET"]}}],"collection":[{"href":"https:\/\/vagas.portalemprego.com.br\/index.php?rest_route=\/wp\/v2\/posts"}],"about":[{"href":"https:\/\/vagas.portalemprego.com.br\/index.php?rest_route=\/wp\/v2\/types\/post"}],"author":[{"embeddable":true,"href":"https:\/\/vagas.portalemprego.com.br\/index.php?rest_route=\/wp\/v2\/users\/1"}],"replies":[{"embeddable":true,"href":"https:\/\/vagas.portalemprego.com.br\/index.php?rest_route=%2Fwp%2Fv2%2Fcomments&post=3590"}],"version-history":[{"count":0,"href":"https:\/\/vagas.portalemprego.com.br\/index.php?rest_route=\/wp\/v2\/posts\/3590\/revisions"}],"wp:attachment":[{"href":"https:\/\/vagas.portalemprego.com.br\/index.php?rest_route=%2Fwp%2Fv2%2Fmedia&parent=3590"}],"wp:term":[{"taxonomy":"category","embeddable":true,"href":"https:\/\/vagas.portalemprego.com.br\/index.php?rest_route=%2Fwp%2Fv2%2Fcategories&post=3590"},{"taxonomy":"post_tag","embeddable":true,"href":"https:\/\/vagas.portalemprego.com.br\/index.php?rest_route=%2Fwp%2Fv2%2Ftags&post=3590"}],"curies":[{"name":"wp","href":"https:\/\/api.w.org\/{rel}","templated":true}]}}