{"id":3592,"date":"2026-04-29T06:09:09","date_gmt":"2026-04-29T09:09:09","guid":{"rendered":"https:\/\/vagas.portalemprego.com.br\/?p=3592"},"modified":"2026-04-29T06:09:09","modified_gmt":"2026-04-29T09:09:09","slug":"gerenciador-posto-atacadao-nova-iguacu-comercial-vendas-nova-iguacu","status":"publish","type":"post","link":"https:\/\/vagas.portalemprego.com.br\/?p=3592","title":{"rendered":"GERENCIADOR | POSTO ATACAD\u00c3O NOVA IGUA\u00c7U &#8211; Comercial, Vendas &#8211; Nova Igua\u00e7u"},"content":{"rendered":"<p>O Grupo Carrefour Brasil \u00e9 o maior varejista do pa\u00eds, presente em todos os estados e atendendo mais de 60 milh\u00f5es de clientes por m\u00eas. Atuamos em diferentes formatos \u2013 como Atacad\u00e3o, Carrefour Varejo, Sam\u2019s Club, Banco Carrefour e Carrefour Property \u2013 oferecendo solu\u00e7\u00f5es diversificadas para um Brasil t\u00e3o plural.<br \/>\nCom 130 mil colaboradores, temos o prop\u00f3sito de oferecer alimenta\u00e7\u00e3o acess\u00edvel e de qualidade a todos, enquanto contribu\u00edmos para uma sociedade mais inclusiva e sustent\u00e1vel.<br \/>\nAqui, cada pessoa pode evoluir em sua jornada profissional. Valorizamos o desenvolvimento, com oportunidades de crescimento que v\u00e3o de posi\u00e7\u00f5es operacionais at\u00e9 cargos de lideran\u00e7a.<br \/>\nTamb\u00e9m reconhecemos a import\u00e2ncia da diversidade geracional e temos orgulho em promover oportunidades para profissionais 50+, que fortalecem nosso time com suas experi\u00eancias e trajet\u00f3rias.<br \/>\nVenha crescer com a gente e fazer parte dessa hist\u00f3ria!<\/p>\n<p>DO\u00a0DISCURSO\u00a0\u00c0\u00a0PR\u00c1TICA<br \/>\nSer\u00a0um\u00a0agente\u00a0de\u00a0mudan\u00e7a\u00a0de\u00a0cultura\u00a0das\u00a0pessoas,\u00a0garantindo\u00a0que\u00a0a\u00a0proposta\u00a0de\u00a0valor\u00a0para\u00a0os\u00a0consumidores\u00a0seja\u00a0percebida.<br \/>\nAtividades:<br \/>\nNo\u00a0seu\u00a0turno\u00a0(abertura\u00a0ou\u00a0fechamento)\u00a0assegurar\u00a0o\u00a0cumprimento\u00a0das\u00a0metas\u00a0de\u00a0vendas\u00a0de\u00a0combust\u00edveis,\u00a0gasolina\u00a0aditivada,\u00a0lubrificantes\u00a0e\u00a0aditivos,\u00a0redu\u00e7\u00e3o\u00a0dos\u00a0n\u00edveis\u00a0de\u00a0perdas\u00a0e\u00a0quebra\u00a0de\u00a0caixa,\u00a0crescimento\u00a0do\u00a0padr\u00e3o\u00a0de\u00a0excel\u00eancia\u00a0operacional\u00a0atrav\u00e9s\u00a0do\u00a0acompanhamento\u00a0do\u00a0desempenho\u00a0da\u00a0equipe,\u00a0por\u00a0meio\u00a0de\u00a0relat\u00f3rios,\u00a0diagn\u00f3sticos,\u00a0cen\u00e1rios,\u00a0desenvolvendo\u00a0e\u00a0implementando\u00a0os\u00a0planos\u00a0de\u00a0a\u00e7\u00e3o;<br \/>\nAssegurar\u00a0o\u00a0controle\u00a0e\u00a0a\u00a0seguran\u00e7a\u00a0na\u00a0opera\u00e7\u00e3o\u00a0do\u00a0posto,\u00a0atrav\u00e9s\u00a0do\u00a0monitoramento\u00a0dos\u00a0controles\u00a0padr\u00f5es,\u00a0invent\u00e1rios\u00a0e\u00a0manuten\u00e7\u00e3o\u00a0dos\u00a0equipamentos,\u00a0visando\u00a0a\u00a0atender\u00a0as\u00a0normas\u00a0de\u00a0seguran\u00e7a\u00a0ambiental\u00a0e\u00a0financeira,\u00a0para\u00a0a\u00a0continuidade\u00a0do\u00a0neg\u00f3cio;<br \/>\nAuxiliar\u00a0na\u00a0forma\u00e7\u00e3o\u00a0e\u00a0treinamento\u00a0nas\u00a0unidades,\u00a0atrav\u00e9s\u00a0de\u00a0capacita\u00e7\u00e3o\u00a0e\u00a0orienta\u00e7\u00e3o\u00a0aos\u00a0colaboradores\u00a0sobre\u00a0os\u00a0processos\u00a0utilizados,\u00a0visando\u00a0assegurar\u00a0a\u00a0qualidade\u00a0no\u00a0atendimento\u00a0voltado\u00a0\u00e0\u00a0for\u00e7a\u00a0de\u00a0vendas,\u00a0seguran\u00e7a\u00a0nos\u00a0procedimentos\u00a0de\u00a0abastecimento\u00a0e\u00a0seguran\u00e7a\u00a0do\u00a0trabalho\u00a0(orientar,\u00a0treinar,\u00a0acompanhar\u00a0e\u00a0fazer\u00a0junto);<br \/>\nRealizar\u00a0o\u00a0atendimento\u00a0aos\u00a0clientes\u00a0com\u00a0simpatia,\u00a0gentileza,\u00a0empatia\u00a0e\u00a0rapidez\u00a0visando\u00a0a\u00a0fideliza\u00e7\u00e3o\u00a0dos\u00a0Clientes;<br \/>\nGarantir\u00a0os\u00a0padr\u00f5es\u00a0operacionais\u00a0da\u00a0unidade\u00a0atrav\u00e9s\u00a0dos\u00a0procedimentos\u00a0estabelecidos\u00a0nos\u00a0manuais\u00a0do\u00a0neg\u00f3cio;<br \/>\nAtuar\u00a0no\u00a0seu\u00a0desenvolvimento\u00a0(receber\u00a0e\u00a0oferecer\u00a0feedback,\u00a0se\u00a0atualizar,\u00a0ser\u00a0curioso\u00a0e\u00a0aprender\u00a0atividades\u00a0novas\u00a0etc&#8230;)\u00a0para\u00a0ser\u00a0o\u00a0sucessor\u00a0natural\u00a0do\u00a0gerente\u00a0da\u00a0unidade.<br \/>\nRequisitos:<br \/>\nEscolaridade:\u00a0Desej\u00e1vel\u00a0Ensino\u00a0Superior\u00a0ou\u00a0cursando;<br \/>\nMorar\u00a0no\u00a0m\u00e1ximo\u00a0a\u00a045\u00a0min\u00a0da\u00a0unidade;<br \/>\nDisponibilidade\u00a0para\u00a0trabalhar\u00a0na\u00a0escala\u00a006&#215;01<br \/>\nSe\u00a0identificou?\u00a0Inscreva-se!<\/p>\n<ul>\n<li>Local de trabalho: Nova Igua\u00e7u, RJ<\/li>\n<li>Regime de contrata\u00e7\u00e3o de tipo: Efetivo \u2013 CLT<\/li>\n<li>Jornada: Per\u00edodo Integral<\/li>\n<li>\u00c1rea e especializa\u00e7\u00e3o profissional: Comercial, Vendas &#8211; Atendimento<\/li>\n<li>N\u00edvel hier\u00e1rquico: Gerente<\/li>\n<\/ul>\n<p>Escolaridade M\u00ednima: Ensino Superior<\/p>\n<ul>\n<li>Totalpass<\/li>\n<li>Desconto no cart\u00e3o Carrefour para compras na Rede<\/li>\n<li>Assist\u00eancia M\u00e9dica e Odontol\u00f3gica<\/li>\n<li>Seguro de Vida<\/li>\n<li>Refeit\u00f3rio no local<\/li>\n<li>Vale transporte<\/li>\n<li>Reembolso \u00f3tica<\/li>\n<li>Participa\u00e7\u00e3o nos Lucros e Resultados<\/li>\n<li>Parceria com Sesc<\/li>\n<li>Convenio Farm\u00e1cia<\/li>\n<\/ul>\n","protected":false},"excerpt":{"rendered":"<p>O Grupo Carrefour Brasil \u00e9 o maior varejista do pa\u00eds, presente em todos os estados e atendendo mais de 60 milh\u00f5es de clientes por m\u00eas. Atuamos em diferentes formatos \u2013 como Atacad\u00e3o, Carrefour Varejo, Sam\u2019s Club, Banco Carrefour e Carrefour Property \u2013 oferecendo solu\u00e7\u00f5es diversificadas para um Brasil t\u00e3o plural. Com 130 mil colaboradores, temos [&hellip;]<\/p>\n","protected":false},"author":1,"featured_media":0,"comment_status":"open","ping_status":"open","sticky":false,"template":"","format":"standard","meta":{"footnotes":""},"categories":[21],"tags":[],"class_list":["post-3592","post","type-post","status-publish","format-standard","hentry","category-rio-de-janeiro-rj"],"_links":{"self":[{"href":"https:\/\/vagas.portalemprego.com.br\/index.php?rest_route=\/wp\/v2\/posts\/3592","targetHints":{"allow":["GET"]}}],"collection":[{"href":"https:\/\/vagas.portalemprego.com.br\/index.php?rest_route=\/wp\/v2\/posts"}],"about":[{"href":"https:\/\/vagas.portalemprego.com.br\/index.php?rest_route=\/wp\/v2\/types\/post"}],"author":[{"embeddable":true,"href":"https:\/\/vagas.portalemprego.com.br\/index.php?rest_route=\/wp\/v2\/users\/1"}],"replies":[{"embeddable":true,"href":"https:\/\/vagas.portalemprego.com.br\/index.php?rest_route=%2Fwp%2Fv2%2Fcomments&post=3592"}],"version-history":[{"count":0,"href":"https:\/\/vagas.portalemprego.com.br\/index.php?rest_route=\/wp\/v2\/posts\/3592\/revisions"}],"wp:attachment":[{"href":"https:\/\/vagas.portalemprego.com.br\/index.php?rest_route=%2Fwp%2Fv2%2Fmedia&parent=3592"}],"wp:term":[{"taxonomy":"category","embeddable":true,"href":"https:\/\/vagas.portalemprego.com.br\/index.php?rest_route=%2Fwp%2Fv2%2Fcategories&post=3592"},{"taxonomy":"post_tag","embeddable":true,"href":"https:\/\/vagas.portalemprego.com.br\/index.php?rest_route=%2Fwp%2Fv2%2Ftags&post=3592"}],"curies":[{"name":"wp","href":"https:\/\/api.w.org\/{rel}","templated":true}]}}