{"id":3596,"date":"2026-04-29T06:09:09","date_gmt":"2026-04-29T09:09:09","guid":{"rendered":"https:\/\/vagas.portalemprego.com.br\/?p=3596"},"modified":"2026-04-29T06:09:09","modified_gmt":"2026-04-29T09:09:09","slug":"auxiliar-de-secretaria-escolar-educacao-ensino-idiomas-rio-de-janeiro","status":"publish","type":"post","link":"https:\/\/vagas.portalemprego.com.br\/?p=3596","title":{"rendered":"Auxiliar de Secretaria Escolar &#8211; Educa\u00e7\u00e3o, Ensino, Idiomas &#8211; Rio de Janeiro"},"content":{"rendered":"<p>Realizar atividades administrativas e operacionais na secretaria acad\u00eamica, garantindo o atendimento aos alunos,\u00a0coordenadores\u00a0e equipe interna, bem como o correto registro e emiss\u00e3o de documentos acad\u00eamicos.\u00a0<br \/>\nEnsino M\u00e9dio completo (obrigat\u00f3rio).\u00a0<br \/>\nDesej\u00e1vel curso T\u00e9cnico em Secretaria Escolar ou \u00e1reas afins.\u00a0<br \/>\nConhecimentos em sistemas de gest\u00e3o acad\u00eamica, preferencialmente\u00a0UniMestre.\u00a0<br \/>\nDesej\u00e1vel capacita\u00e7\u00e3o ou cursos complementares em gest\u00e3o administrativa ou educacional.\u00a0<br \/>\nExperi\u00eancia pr\u00e9via em secretaria acad\u00eamica ou administrativa (desej\u00e1vel).\u00a0<br \/>\nConhecimento em sistemas de gest\u00e3o acad\u00eamica, como\u00a0UniMestre\u00a0(diferencial).\u00a0<br \/>\nHabilidade no uso de ferramentas digitais, como Excel, Word e e-mail corporativo.\u00a0<br \/>\nBoa comunica\u00e7\u00e3o escrita e verbal.\u00a0<br \/>\nOrganiza\u00e7\u00e3o e aten\u00e7\u00e3o aos detalhes.\u00a0<\/p>\n<p>Capacidade de trabalhar em equipe e atender prazos.\u00a0<br \/>\nProatividade na resolu\u00e7\u00e3o de problemas administrativos e acad\u00eamicos.\u00a0<br \/>\nFacilidade no atendimento interno e externo, com postura profissional e cordial.\u00a0<br \/>\nDisponibilidade para gerenciar fluxos de trabalho conforme as demandas da secretaria acad\u00eamica.\u00a0<br \/>\nFlexibilidade para lidar com m\u00faltiplas tarefas e atividades simult\u00e2neas.\u00a0<\/p>\n<p>Confeccionar e registrar documentos acad\u00eamicos, como declara\u00e7\u00f5es, hist\u00f3ricos e certificados.\u00a0<br \/>\nRealizar atendimento interno e externo a alunos,\u00a0coordenadores\u00a0e outros setores.\u00a0<br \/>\nGerenciar o controle de cola\u00e7\u00e3o de grau e acompanhar os processos associados.\u00a0<br \/>\nRealizar o controle e fechamento de per\u00edodos acad\u00eamicos\u00a0(quadrimestral e semestral).\u00a0<br \/>\nAtualizar o sistema\u00a0UniMestre\u00a0com inclus\u00e3o de novos cursos, matrizes curriculares e turmas.\u00a0<br \/>\nCriar turmas e realizar reservas de vagas a cada per\u00edodo letivo, al\u00e9m de organizar quadros de hor\u00e1rios.\u00a0<br \/>\nManter arquivos e registros acad\u00eamicos organizados e atualizados.<\/p>\n<ul>\n<li>Local de trabalho: Rio de Janeiro, RJ<\/li>\n<li>Regime de contrata\u00e7\u00e3o de tipo: Efetivo \u2013 CLT<\/li>\n<li>Jornada: Per\u00edodo Integral<\/li>\n<li>\u00c1rea e especializa\u00e7\u00e3o profissional: Educa\u00e7\u00e3o, Ensino, Idiomas &#8211; Administra\u00e7\u00e3o Escolar, Pedagogia<\/li>\n<li>N\u00edvel hier\u00e1rquico: Auxiliar<\/li>\n<\/ul>\n<p>VALORIZADO<\/p>\n<p>Tempo de experi\u00eancia: Entre 1 e 3 anos<\/p>\n<p>Escolaridade M\u00ednima: Ensino Superior<\/p>\n<p>Sal\u00e1rio: 1621,0<\/p>\n","protected":false},"excerpt":{"rendered":"<p>Realizar atividades administrativas e operacionais na secretaria acad\u00eamica, garantindo o atendimento aos alunos,\u00a0coordenadores\u00a0e equipe interna, bem como o correto registro e emiss\u00e3o de documentos acad\u00eamicos.\u00a0 Ensino M\u00e9dio completo (obrigat\u00f3rio).\u00a0 Desej\u00e1vel curso T\u00e9cnico em Secretaria Escolar ou \u00e1reas afins.\u00a0 Conhecimentos em sistemas de gest\u00e3o acad\u00eamica, preferencialmente\u00a0UniMestre.\u00a0 Desej\u00e1vel capacita\u00e7\u00e3o ou cursos complementares em gest\u00e3o administrativa ou educacional.\u00a0 [&hellip;]<\/p>\n","protected":false},"author":1,"featured_media":0,"comment_status":"open","ping_status":"open","sticky":false,"template":"","format":"standard","meta":{"footnotes":""},"categories":[21],"tags":[],"class_list":["post-3596","post","type-post","status-publish","format-standard","hentry","category-rio-de-janeiro-rj"],"_links":{"self":[{"href":"https:\/\/vagas.portalemprego.com.br\/index.php?rest_route=\/wp\/v2\/posts\/3596","targetHints":{"allow":["GET"]}}],"collection":[{"href":"https:\/\/vagas.portalemprego.com.br\/index.php?rest_route=\/wp\/v2\/posts"}],"about":[{"href":"https:\/\/vagas.portalemprego.com.br\/index.php?rest_route=\/wp\/v2\/types\/post"}],"author":[{"embeddable":true,"href":"https:\/\/vagas.portalemprego.com.br\/index.php?rest_route=\/wp\/v2\/users\/1"}],"replies":[{"embeddable":true,"href":"https:\/\/vagas.portalemprego.com.br\/index.php?rest_route=%2Fwp%2Fv2%2Fcomments&post=3596"}],"version-history":[{"count":0,"href":"https:\/\/vagas.portalemprego.com.br\/index.php?rest_route=\/wp\/v2\/posts\/3596\/revisions"}],"wp:attachment":[{"href":"https:\/\/vagas.portalemprego.com.br\/index.php?rest_route=%2Fwp%2Fv2%2Fmedia&parent=3596"}],"wp:term":[{"taxonomy":"category","embeddable":true,"href":"https:\/\/vagas.portalemprego.com.br\/index.php?rest_route=%2Fwp%2Fv2%2Fcategories&post=3596"},{"taxonomy":"post_tag","embeddable":true,"href":"https:\/\/vagas.portalemprego.com.br\/index.php?rest_route=%2Fwp%2Fv2%2Ftags&post=3596"}],"curies":[{"name":"wp","href":"https:\/\/api.w.org\/{rel}","templated":true}]}}