{"id":3604,"date":"2026-04-29T06:09:09","date_gmt":"2026-04-29T09:09:09","guid":{"rendered":"https:\/\/vagas.portalemprego.com.br\/?p=3604"},"modified":"2026-04-29T06:09:09","modified_gmt":"2026-04-29T09:09:09","slug":"atendente-de-cafeteria-alimentacao-gastronomia-rio-de-janeiro-4","status":"publish","type":"post","link":"https:\/\/vagas.portalemprego.com.br\/?p=3604","title":{"rendered":"Atendente de Cafeteria &#8211; Alimenta\u00e7\u00e3o \/ Gastronomia &#8211; Rio de Janeiro"},"content":{"rendered":"<p>Sobre a vaga<br \/>\nEstamos em busca de um(a) Atendente de Cafeteria comprometido(a), \u00e1gil e com boa postura profissional para atuar no atendimento ao cliente e apoio \u00e0 opera\u00e7\u00e3o da cafeteria. Procuramos algu\u00e9m organizado, respons\u00e1vel e que goste de trabalhar com atendimento, prepara\u00e7\u00e3o de alimentos e COM EXPERI\u00caNCIA  MINIMA DE 6 MESES NA \u00c1REA.<br \/>\nPrincipais atividades<br \/>\nLan\u00e7amento de pedidos na maquininha\/sistema<br \/>\nAtendimento ao cliente no balc\u00e3o e nas mesas<br \/>\nPreparo de caf\u00e9s, p\u00e3es, tapiocas, lanches, sucos e vitaminas<br \/>\nOrganiza\u00e7\u00e3o e reposi\u00e7\u00e3o de produtos<br \/>\nConfer\u00eancia de qualidade e validade dos produtos<br \/>\nApoio na organiza\u00e7\u00e3o e limpeza da \u00e1rea de trabalho<br \/>\nRequisitos<br \/>\n*Experi\u00eancia m\u00ednima de 6 meses em cafeterias, padarias ou lanchonetes<br \/>\n*F\u00c1CIL ACESSO AO BAIRRO DE SANTA TERESA<\/p>\n<p>Diferencial:<br \/>\nConhecimento no sistema Raffinato<br \/>\nConhecimento em idiomas<br \/>\nPerfil profissional esperado<br \/>\nBuscamos profissionais que tenham:<br \/>\nComprometimento com resultados<br \/>\nDisciplina e responsabilidade<br \/>\nOrganiza\u00e7\u00e3o e pontualidade<br \/>\nProatividade no atendimento e nas rotinas do trabalho<br \/>\nBoa postura profissional e respeito \u00e0s normas<br \/>\nA empresa valoriza pessoas que entendem que o desempenho individual impacta diretamente o resultado da equipe. Existe flexibilidade e apoio quando necess\u00e1rio, desde que haja comprometimento, responsabilidade e reciprocidade por parte dos colaboradores.<\/p>\n<ul>\n<li>Local de trabalho: Rio de Janeiro, RJ<\/li>\n<li>Regime de contrata\u00e7\u00e3o de tipo: Efetivo \u2013 CLT<\/li>\n<li>Jornada: Parcial manh\u00e3s<\/li>\n<li>\u00c1rea e especializa\u00e7\u00e3o profissional: Alimenta\u00e7\u00e3o \/ Gastronomia &#8211; Lanchonete, Fast Food, Cafeteria<\/li>\n<li>N\u00edvel hier\u00e1rquico: Operacional<\/li>\n<\/ul>\n<p>Escolaridade M\u00ednima: Ensino M\u00e9dio (2\u00ba Grau)<\/p>\n<p>Sal\u00e1rio: 2000,0<\/p>\n","protected":false},"excerpt":{"rendered":"<p>Sobre a vaga Estamos em busca de um(a) Atendente de Cafeteria comprometido(a), \u00e1gil e com boa postura profissional para atuar no atendimento ao cliente e apoio \u00e0 opera\u00e7\u00e3o da cafeteria. Procuramos algu\u00e9m organizado, respons\u00e1vel e que goste de trabalhar com atendimento, prepara\u00e7\u00e3o de alimentos e COM EXPERI\u00caNCIA MINIMA DE 6 MESES NA \u00c1REA. Principais atividades [&hellip;]<\/p>\n","protected":false},"author":1,"featured_media":0,"comment_status":"open","ping_status":"open","sticky":false,"template":"","format":"standard","meta":{"footnotes":""},"categories":[21],"tags":[],"class_list":["post-3604","post","type-post","status-publish","format-standard","hentry","category-rio-de-janeiro-rj"],"_links":{"self":[{"href":"https:\/\/vagas.portalemprego.com.br\/index.php?rest_route=\/wp\/v2\/posts\/3604","targetHints":{"allow":["GET"]}}],"collection":[{"href":"https:\/\/vagas.portalemprego.com.br\/index.php?rest_route=\/wp\/v2\/posts"}],"about":[{"href":"https:\/\/vagas.portalemprego.com.br\/index.php?rest_route=\/wp\/v2\/types\/post"}],"author":[{"embeddable":true,"href":"https:\/\/vagas.portalemprego.com.br\/index.php?rest_route=\/wp\/v2\/users\/1"}],"replies":[{"embeddable":true,"href":"https:\/\/vagas.portalemprego.com.br\/index.php?rest_route=%2Fwp%2Fv2%2Fcomments&post=3604"}],"version-history":[{"count":0,"href":"https:\/\/vagas.portalemprego.com.br\/index.php?rest_route=\/wp\/v2\/posts\/3604\/revisions"}],"wp:attachment":[{"href":"https:\/\/vagas.portalemprego.com.br\/index.php?rest_route=%2Fwp%2Fv2%2Fmedia&parent=3604"}],"wp:term":[{"taxonomy":"category","embeddable":true,"href":"https:\/\/vagas.portalemprego.com.br\/index.php?rest_route=%2Fwp%2Fv2%2Fcategories&post=3604"},{"taxonomy":"post_tag","embeddable":true,"href":"https:\/\/vagas.portalemprego.com.br\/index.php?rest_route=%2Fwp%2Fv2%2Ftags&post=3604"}],"curies":[{"name":"wp","href":"https:\/\/api.w.org\/{rel}","templated":true}]}}