{"id":3606,"date":"2026-04-29T06:09:09","date_gmt":"2026-04-29T09:09:09","guid":{"rendered":"https:\/\/vagas.portalemprego.com.br\/?p=3606"},"modified":"2026-04-29T06:09:09","modified_gmt":"2026-04-29T09:09:09","slug":"auxiliar-administrativo-ii-saude-niteroi","status":"publish","type":"post","link":"https:\/\/vagas.portalemprego.com.br\/?p=3606","title":{"rendered":"AUXILIAR ADMINISTRATIVO II &#8211; Sa\u00fade &#8211; Niter\u00f3i"},"content":{"rendered":"<p>\u2022\tExecutar e manter atualizados os controles internos e documentos administrativos, utilizando ferramentas do Pacote Office e plataformas online;<br \/>\n\u2022\tRegistrar e atualizar informa\u00e7\u00f5es nos controles internos, assegurando a qualidade e confiabilidade dos dados que subsidiam a consolida\u00e7\u00e3o e acompanhamento dos indicadores da empresa;<br \/>\n\u2022\tOrganizar, registrar e acompanhar demandas recebidas por e-mail e outros canais de comunica\u00e7\u00e3o, garantindo andamento e retorno adequado;<br \/>\n\u2022\tControlar prazos, pend\u00eancias e rotinas administrativas, mantendo as informa\u00e7\u00f5es organizadas e acess\u00edveis \u00e0 gest\u00e3o;<br \/>\n\u2022\tRealizar o controle e registro de entrega de EPIs e demais documentos internos, assegurando organiza\u00e7\u00e3o e rastreabilidade das informa\u00e7\u00f5es;<br \/>\n\u2022\tManter arquivos f\u00edsicos e digitais organizados e atualizados;<br \/>\n\u2022\tApoiar na elabora\u00e7\u00e3o de relat\u00f3rios administrativos e consolidar informa\u00e7\u00f5es quando necess\u00e1rio;<\/p>\n<p>Diferenciais<br \/>\n\u2022 Experi\u00eancia\u00a0anterior\u00a0em\u00a0rotinas\u00a0administrativas,\u00a0preferencialmente\u00a0no\u00a0setor\u00a0de\u00a0Seguran\u00e7a\u00a0do\u00a0Trabalho;<br \/>\n\u2022 Viv\u00eancia\u00a0com\u00a0controles\u00a0em\u00a0planilhas<\/p>\n<ul>\n<li>Local de trabalho: Niter\u00f3i, RJ<\/li>\n<li>Regime de contrata\u00e7\u00e3o de tipo: Efetivo \u2013 CLT<\/li>\n<li>Jornada: Per\u00edodo Integral<\/li>\n<li>\u00c1rea e especializa\u00e7\u00e3o profissional: Sa\u00fade &#8211; Medicina do trabalho<\/li>\n<li>N\u00edvel hier\u00e1rquico: Auxiliar<\/li>\n<\/ul>\n<p>HABILIDADES<\/p>\n<ul>\n<li>Dom\u00ednio no Pacote Office<\/li>\n<li>Proatividade<\/li>\n<li>Bom relacionamento interpessoal<\/li>\n<li>Gest\u00e3o de tempo<\/li>\n<li>Comunica\u00e7\u00e3o<\/li>\n<\/ul>\n<p>Escolaridade M\u00ednima: Ensino M\u00e9dio (2\u00ba Grau)<\/p>\n<ul>\n<li>SEGURO DE VIDA<\/li>\n<li>PLANO DENTAL<\/li>\n<li>VR: 30,00<\/li>\n<li>VT DI\u00c1RIO<\/li>\n<\/ul>\n<p>Sal\u00e1rio: 1964,17<\/p>\n","protected":false},"excerpt":{"rendered":"<p>\u2022 Executar e manter atualizados os controles internos e documentos administrativos, utilizando ferramentas do Pacote Office e plataformas online; \u2022 Registrar e atualizar informa\u00e7\u00f5es nos controles internos, assegurando a qualidade e confiabilidade dos dados que subsidiam a consolida\u00e7\u00e3o e acompanhamento dos indicadores da empresa; \u2022 Organizar, registrar e acompanhar demandas recebidas por e-mail e outros [&hellip;]<\/p>\n","protected":false},"author":1,"featured_media":0,"comment_status":"open","ping_status":"open","sticky":false,"template":"","format":"standard","meta":{"footnotes":""},"categories":[21],"tags":[],"class_list":["post-3606","post","type-post","status-publish","format-standard","hentry","category-rio-de-janeiro-rj"],"_links":{"self":[{"href":"https:\/\/vagas.portalemprego.com.br\/index.php?rest_route=\/wp\/v2\/posts\/3606","targetHints":{"allow":["GET"]}}],"collection":[{"href":"https:\/\/vagas.portalemprego.com.br\/index.php?rest_route=\/wp\/v2\/posts"}],"about":[{"href":"https:\/\/vagas.portalemprego.com.br\/index.php?rest_route=\/wp\/v2\/types\/post"}],"author":[{"embeddable":true,"href":"https:\/\/vagas.portalemprego.com.br\/index.php?rest_route=\/wp\/v2\/users\/1"}],"replies":[{"embeddable":true,"href":"https:\/\/vagas.portalemprego.com.br\/index.php?rest_route=%2Fwp%2Fv2%2Fcomments&post=3606"}],"version-history":[{"count":0,"href":"https:\/\/vagas.portalemprego.com.br\/index.php?rest_route=\/wp\/v2\/posts\/3606\/revisions"}],"wp:attachment":[{"href":"https:\/\/vagas.portalemprego.com.br\/index.php?rest_route=%2Fwp%2Fv2%2Fmedia&parent=3606"}],"wp:term":[{"taxonomy":"category","embeddable":true,"href":"https:\/\/vagas.portalemprego.com.br\/index.php?rest_route=%2Fwp%2Fv2%2Fcategories&post=3606"},{"taxonomy":"post_tag","embeddable":true,"href":"https:\/\/vagas.portalemprego.com.br\/index.php?rest_route=%2Fwp%2Fv2%2Ftags&post=3606"}],"curies":[{"name":"wp","href":"https:\/\/api.w.org\/{rel}","templated":true}]}}