{"id":3615,"date":"2026-04-29T06:09:09","date_gmt":"2026-04-29T09:09:09","guid":{"rendered":"https:\/\/vagas.portalemprego.com.br\/?p=3615"},"modified":"2026-04-29T06:09:09","modified_gmt":"2026-04-29T09:09:09","slug":"engenheiro-civil-engenharia-cachoeiras-de-macacu","status":"publish","type":"post","link":"https:\/\/vagas.portalemprego.com.br\/?p=3615","title":{"rendered":"Engenheiro Civil &#8211; Engenharia &#8211; Cachoeiras de Macacu"},"content":{"rendered":"<p>VAGA TEMPORARIA REGISTRO RH MAIOR TRABALHANDO DENTRO DA AMBEV CACHOEIRA DE MACACU &#8211; RJ<br \/>\nUNIDADE QUE VAI TRABALHAR: Cervejaria Macacu<br \/>\nCARGO: Especialista de Projeto e\/ou Engenheiro Civil<br \/>\nSAL\u00c1RIO: +- 7.000,00<br \/>\nBENEFICIOS: transporte a combinar, almo\u00e7o na cervejaria<br \/>\nHOR\u00c1RIO DE TRABALHO: 08:00 as 17:00 segunda a sexta e s\u00e1bados alternados<br \/>\nATIVIDADES DO CARGO: Coordena\u00e7\u00e3o e gest\u00e3o das atividades de contratadas<\/p>\n<ul>\n<li>Local de trabalho: Cachoeiras de Macacu, RJ<\/li>\n<li>Regime de contrata\u00e7\u00e3o de tipo: Tempor\u00e1rio<\/li>\n<li>Jornada: Per\u00edodo Integral<\/li>\n<li>\u00c1rea e especializa\u00e7\u00e3o profissional: Engenharia &#8211; Engenharia Civil<\/li>\n<li>N\u00edvel hier\u00e1rquico: Analista<\/li>\n<\/ul>\n<p>Escolaridade M\u00ednima: Ensino Superior<\/p>\n<p>Sal\u00e1rio: 7000,0<\/p>\n","protected":false},"excerpt":{"rendered":"<p>VAGA TEMPORARIA REGISTRO RH MAIOR TRABALHANDO DENTRO DA AMBEV CACHOEIRA DE MACACU &#8211; RJ UNIDADE QUE VAI TRABALHAR: Cervejaria Macacu CARGO: Especialista de Projeto e\/ou Engenheiro Civil SAL\u00c1RIO: +- 7.000,00 BENEFICIOS: transporte a combinar, almo\u00e7o na cervejaria HOR\u00c1RIO DE TRABALHO: 08:00 as 17:00 segunda a sexta e s\u00e1bados alternados ATIVIDADES DO CARGO: Coordena\u00e7\u00e3o e gest\u00e3o [&hellip;]<\/p>\n","protected":false},"author":1,"featured_media":0,"comment_status":"open","ping_status":"open","sticky":false,"template":"","format":"standard","meta":{"footnotes":""},"categories":[21],"tags":[],"class_list":["post-3615","post","type-post","status-publish","format-standard","hentry","category-rio-de-janeiro-rj"],"_links":{"self":[{"href":"https:\/\/vagas.portalemprego.com.br\/index.php?rest_route=\/wp\/v2\/posts\/3615","targetHints":{"allow":["GET"]}}],"collection":[{"href":"https:\/\/vagas.portalemprego.com.br\/index.php?rest_route=\/wp\/v2\/posts"}],"about":[{"href":"https:\/\/vagas.portalemprego.com.br\/index.php?rest_route=\/wp\/v2\/types\/post"}],"author":[{"embeddable":true,"href":"https:\/\/vagas.portalemprego.com.br\/index.php?rest_route=\/wp\/v2\/users\/1"}],"replies":[{"embeddable":true,"href":"https:\/\/vagas.portalemprego.com.br\/index.php?rest_route=%2Fwp%2Fv2%2Fcomments&post=3615"}],"version-history":[{"count":0,"href":"https:\/\/vagas.portalemprego.com.br\/index.php?rest_route=\/wp\/v2\/posts\/3615\/revisions"}],"wp:attachment":[{"href":"https:\/\/vagas.portalemprego.com.br\/index.php?rest_route=%2Fwp%2Fv2%2Fmedia&parent=3615"}],"wp:term":[{"taxonomy":"category","embeddable":true,"href":"https:\/\/vagas.portalemprego.com.br\/index.php?rest_route=%2Fwp%2Fv2%2Fcategories&post=3615"},{"taxonomy":"post_tag","embeddable":true,"href":"https:\/\/vagas.portalemprego.com.br\/index.php?rest_route=%2Fwp%2Fv2%2Ftags&post=3615"}],"curies":[{"name":"wp","href":"https:\/\/api.w.org\/{rel}","templated":true}]}}