{"id":3621,"date":"2026-04-29T06:09:09","date_gmt":"2026-04-29T09:09:09","guid":{"rendered":"https:\/\/vagas.portalemprego.com.br\/?p=3621"},"modified":"2026-04-29T06:09:09","modified_gmt":"2026-04-29T09:09:09","slug":"vendedor-a-rio-de-janeiro-produtos-naturais-e-suplementos-comercial-vendas-rio-de-janeiro","status":"publish","type":"post","link":"https:\/\/vagas.portalemprego.com.br\/?p=3621","title":{"rendered":"Vendedor (a) Rio de Janeiro &#8211; Produtos Naturais e Suplementos &#8211; Comercial, Vendas &#8211; Rio de Janeiro"},"content":{"rendered":"<p>Entre para nossa equipe din\u00e2mica e impulsione vendas de suplementos e produtos naturais em uma loja vibrante no RJ. Assuma desafios reais como educar clientes sobre benef\u00edcios \u00e0 sa\u00fade e superar metas mensais em um ambiente colaborativo focado em bem-estar.<br \/>\n-Realize atendimento consultivo personalizado para identificar necessidades dos clientes e recomendar produtos ideais.<br \/>\n-Negocie pre\u00e7os de forma estrat\u00e9gica para fechar vendas e maximizar o ticket m\u00e9dio.<br \/>\n-Organize o estoque e a loja, garantindo disponibilidade e apresenta\u00e7\u00e3o atrativa dos produtos.<br \/>\n-Bata metas de vendas estipuladas, com suporte de treinamentos em nutri\u00e7\u00e3o e t\u00e9cnicas de venda.<br \/>\n-Contribua para um ambiente de equipe motivada, promovendo o crescimento profissional cont\u00ednuo.<br \/>\n&gt;Indispens\u00e1vel:<br \/>\n-Experi\u00eancia comprovada em vendas no varejo.<br \/>\n-Ensino M\u00e9dio Completo.<br \/>\n&gt;Comportamental:<br \/>\n-Proatividade em atendimento ao cliente e capacidade de construir relacionamentos duradouros.<br \/>\n-Resili\u00eancia para bater metas de vendas em ambiente din\u00e2mico.<br \/>\n-Entusiasmo por sa\u00fade e bem-estar, com habilidade em educa\u00e7\u00e3o consultiva.<br \/>\n&gt;Diferenciais:<br \/>\n-Cursando ou formado em Farm\u00e1cia, Nutri\u00e7\u00e3o ou Educa\u00e7\u00e3o F\u00edsica.<br \/>\n-Conhecimento em suplementos alimentares e produtos naturais.<br \/>\nHor\u00e1rio: 12&#215;36<\/p>\n<ul>\n<li>Local de trabalho: Rio de Janeiro, RJ<\/li>\n<li>Regime de contrata\u00e7\u00e3o de tipo: Efetivo \u2013 CLT<\/li>\n<li>Jornada: Per\u00edodo Integral<\/li>\n<li>\u00c1rea e especializa\u00e7\u00e3o profissional: Comercial, Vendas &#8211; Venda T\u00e9cnica<\/li>\n<li>N\u00edvel hier\u00e1rquico: Consultor<\/li>\n<\/ul>\n<p>VALORIZADO<\/p>\n<p>Tempo de experi\u00eancia: Entre 1 e 3 anos<\/p>\n<p>HABILIDADES<\/p>\n<ul>\n<li>vendas<\/li>\n<li>metas<\/li>\n<li>comiss\u00e3o<\/li>\n<\/ul>\n<p>Escolaridade M\u00ednima: Ensino M\u00e9dio (2\u00ba Grau)<\/p>\n<ul>\n<li>Vale-transporte<\/li>\n<li>Vale-refei\u00e7\u00e3o<\/li>\n<li>comiss\u00e3o<\/li>\n<\/ul>\n<p>Sal\u00e1rio: 4000,0<\/p>\n","protected":false},"excerpt":{"rendered":"<p>Entre para nossa equipe din\u00e2mica e impulsione vendas de suplementos e produtos naturais em uma loja vibrante no RJ. Assuma desafios reais como educar clientes sobre benef\u00edcios \u00e0 sa\u00fade e superar metas mensais em um ambiente colaborativo focado em bem-estar. -Realize atendimento consultivo personalizado para identificar necessidades dos clientes e recomendar produtos ideais. -Negocie pre\u00e7os [&hellip;]<\/p>\n","protected":false},"author":1,"featured_media":0,"comment_status":"open","ping_status":"open","sticky":false,"template":"","format":"standard","meta":{"footnotes":""},"categories":[21],"tags":[],"class_list":["post-3621","post","type-post","status-publish","format-standard","hentry","category-rio-de-janeiro-rj"],"_links":{"self":[{"href":"https:\/\/vagas.portalemprego.com.br\/index.php?rest_route=\/wp\/v2\/posts\/3621","targetHints":{"allow":["GET"]}}],"collection":[{"href":"https:\/\/vagas.portalemprego.com.br\/index.php?rest_route=\/wp\/v2\/posts"}],"about":[{"href":"https:\/\/vagas.portalemprego.com.br\/index.php?rest_route=\/wp\/v2\/types\/post"}],"author":[{"embeddable":true,"href":"https:\/\/vagas.portalemprego.com.br\/index.php?rest_route=\/wp\/v2\/users\/1"}],"replies":[{"embeddable":true,"href":"https:\/\/vagas.portalemprego.com.br\/index.php?rest_route=%2Fwp%2Fv2%2Fcomments&post=3621"}],"version-history":[{"count":0,"href":"https:\/\/vagas.portalemprego.com.br\/index.php?rest_route=\/wp\/v2\/posts\/3621\/revisions"}],"wp:attachment":[{"href":"https:\/\/vagas.portalemprego.com.br\/index.php?rest_route=%2Fwp%2Fv2%2Fmedia&parent=3621"}],"wp:term":[{"taxonomy":"category","embeddable":true,"href":"https:\/\/vagas.portalemprego.com.br\/index.php?rest_route=%2Fwp%2Fv2%2Fcategories&post=3621"},{"taxonomy":"post_tag","embeddable":true,"href":"https:\/\/vagas.portalemprego.com.br\/index.php?rest_route=%2Fwp%2Fv2%2Ftags&post=3621"}],"curies":[{"name":"wp","href":"https:\/\/api.w.org\/{rel}","templated":true}]}}