{"id":3622,"date":"2026-04-29T06:10:10","date_gmt":"2026-04-29T09:10:10","guid":{"rendered":"https:\/\/vagas.portalemprego.com.br\/?p=3622"},"modified":"2026-04-29T06:10:10","modified_gmt":"2026-04-29T09:10:10","slug":"aprendiz-vendas-100h-posto-carrefour-sulacap-rj-comercial-vendas-rio-de-janeiro","status":"publish","type":"post","link":"https:\/\/vagas.portalemprego.com.br\/?p=3622","title":{"rendered":"APRENDIZ VENDAS 100H | POSTO CARREFOUR &#8211; SULACAP (RJ) &#8211; Comercial, Vendas &#8211; Rio de Janeiro"},"content":{"rendered":"<p>MAIS\u00a0QUE\u00a0MERCADO<br \/>\nSomos\u00a0hoje\u00a0o\u00a0maior\u00a0empregador\u00a0privado\u00a0do\u00a0Pa\u00eds\u00a0com\u00a0150\u00a0mil\u00a0colaboradores\u00a0e\u00a0colaboradoras\u00a0unidos\u00a0no\u00a0prop\u00f3sito\u00a0de\u00a0contribuir\u00a0para\u00a0uma\u00a0alimenta\u00e7\u00e3o\u00a0mais\u00a0acess\u00edvel\u00a0e\u00a0de\u00a0qualidade\u00a0aos\u00a0brasileiros\u00a0e\u00a0brasileiras,\u00a0colaborando\u00a0assim\u00a0com\u00a0a\u00a0sa\u00fade\u00a0e\u00a0o\u00a0bem-estar\u00a0de\u00a0todos\u00a0e\u00a0todas.<br \/>\nCom\u00a0a\u00a0aquisi\u00e7\u00e3o\u00a0do\u00a0grupo\u00a0BIG,\u00a0em\u00a0junho\u00a0de\u00a02022,\u00a0demos\u00a0in\u00edcio\u00a0a\u00a0mais\u00a0uma\u00a0etapa\u00a0da\u00a0nossa\u00a0jornada\u00a0que\u00a0j\u00e1\u00a0dura\u00a047\u00a0anos\u00a0no\u00a0Brasil.\u00a0Unimos\u00a0o\u00a0melhor\u00a0dos\u00a0dois\u00a0grupos\u00a0e\u00a0somos\u00a0agora\u00a0uma\u00a0empresa\u00a0mais\u00a0diversa,\u00a0com\u00a0maior\u00a0capacidade\u00a0de\u00a0inovar\u00a0e\u00a0causar\u00a0impacto\u00a0positivo\u00a0na\u00a0sociedade.\u00a0Al\u00e9m\u00a0de\u00a0gerar\u00a0mais\u00a0de\u00a0R$\u00a0100\u00a0Bilh\u00f5es\u00a0em\u00a0receitas\u00a0e\u00a0lideran\u00e7a\u00a0no\u00a0setor\u00a0de\u00a023%\u00a0de\u00a0Market\u00a0Share.<br \/>\nEstamos\u00a0investindo\u00a0fortemente\u00a0na\u00a0simplifica\u00e7\u00e3o\u00a0e\u00a0na\u00a0acelera\u00e7\u00e3o\u00a0digital,\u00a0pois\u00a0acreditamos\u00a0que\u00a0esse\u00a0\u00e9\u00a0o\u00a0caminho\u00a0para\u00a0nos\u00a0transformar\u00a0e\u00a0sermos\u00a0protagonistas\u00a0da\u00a0mudan\u00e7a\u00a0que\u00a0queremos\u00a0ver\u00a0no\u00a0pa\u00eds.<br \/>\nTrabalhar\u00a0no\u00a0Grupo\u00a0Carrefour\u00a0Brasil\u00a0\u00e9\u00a0participar\u00a0diariamente\u00a0de\u00a0tudo\u00a0isso,\u00a0em\u00a0um\u00a0ambiente\u00a0que\u00a0respeita\u00a0e\u00a0acolhe\u00a0as\u00a0diferen\u00e7as\u00a0com\u00a0muito\u00a0espa\u00e7o\u00a0para\u00a0crescer\u00a0e\u00a0aprender.\u00a0Somos\u00a0muitos\u00a0e\u00a0queremos\u00a0ser\u00a0ainda\u00a0mais.<br \/>\nE\u00a0voc\u00ea\u00a0tamb\u00e9m\u00a0pode\u00a0fazer\u00a0parte\u00a0dessa\u00a0grande\u00a0jornada.\u00a0Com\u00a0voc\u00ea,\u00a0seremos\u00a0ainda\u00a0maiores.<\/p>\n<p>DO\u00a0DISCURSO\u00a0\u00c0\u00a0PR\u00c1TICA<\/p>\n<p>Principais\u00a0Responsabilidades<br \/>\nAuxiliar\u00e1\u00a0os\u00a0departamentos\u00a0operacionais\u00a0do\u00a0posto\u00a0,\u00a0onde\u00a0exercer\u00e1\u00a0fun\u00e7\u00f5es\u00a0especificas\u00a0de\u00a0cada\u00a0setor.<br \/>\nAuxiliar\u00a0na\u00a0reposi\u00e7\u00e3o\u00a0e\u00a0arruma\u00e7\u00e3o\u00a0dos\u00a0produtos\u00a0no\u00a0expositor,\u00a0seguindo\u00a0instru\u00e7\u00f5es\u00a0do\u00a0gestor\u00a0e\/ou\u00a0layout\u00a0pr\u00e9-definido\u00a0;<br \/>\nAuxiliar\u00a0no\u00a0abastecimento\u00a0nas\u00a0bombas\u00a0de\u00a0combustiveis;<br \/>\nAuxiliar\u00a0na\u00a0organiza\u00e7\u00e3o\u00a0de\u00a0equipamentos,\u00a0mantendo\u00a0limpos\u00a0e\u00a0organizados.<br \/>\nAuxiliar\u00a0no\u00a0atendimento\u00a0ao\u00a0cliente\u00a0e\u00a0no\u00a0caixa<br \/>\nN\u00e3o\u00a0\u00e9\u00a0necess\u00e1rio\u00a0experi\u00eancia\u00a0profissional;<br \/>\nNo\u00a0Carrefour,\u00a0trabalhamos\u00a0diariamente\u00a0a\u00a0cultura\u00a0do\u00a0respeito\u00a0e\u00a0da\u00a0equidade.\u00a0A\u00a0valoriza\u00e7\u00e3o\u00a0da\u00a0diversidade\u00a0\u00e9\u00a0um\u00a0compromisso\u00a0para\u00a0o\u00a0Carrefour,\u00a0por\u00a0isso,\u00a0encorajamos\u00a0a\u00a0candidatura\u00a0e\u00a0damos\u00a0oportunidade\u00a0a\u00a0profissionais\u00a0diversos,\u00a0sejam\u00a0Mulheres,\u00a0Negros\u00a0(as),\u00a0Pessoas\u00a0LGBTI+,\u00a0Pessoas\u00a0com\u00a0defici\u00eancia\u00a0ou\u00a0Pessoas\u00a0em\u00a0situa\u00e7\u00e3o\u00a0de\u00a0ref\u00fagio.<\/p>\n<p>Se\u00a0identificou?\u00a0Inscreva-se\u00a0e\u00a0vamos\u00a0juntos\u00a0mudar\u00a0o\u00a0mundo\u00a0atrav\u00e9s\u00a0da\u00a0alimenta\u00e7\u00e3o!\u00a0#MelhoresJuntosMaioresComVoc\u00ea<\/p>\n<ul>\n<li>Local de trabalho: Rio de Janeiro, RJ<\/li>\n<li>Regime de contrata\u00e7\u00e3o de tipo: Efetivo \u2013 CLT<\/li>\n<li>Jornada: Per\u00edodo Integral<\/li>\n<li>\u00c1rea e especializa\u00e7\u00e3o profissional: Comercial, Vendas &#8211; Atendimento<\/li>\n<li>N\u00edvel hier\u00e1rquico: Operacional<\/li>\n<\/ul>\n<p>Escolaridade M\u00ednima: Ensino Fundamental (1\u00ba grau)<\/p>\n<ul>\n<li>Refeit\u00f3rio no local<\/li>\n<li>Vale transporte<\/li>\n<li>Totalpass<\/li>\n<li>Parceria com Sesc<\/li>\n<li>Desconto no cart\u00e3o Carrefour para compras na Rede<\/li>\n<li>Reembolso \u00f3tica<\/li>\n<li>Assist\u00eancia M\u00e9dica e Odontol\u00f3gica<\/li>\n<li>Participa\u00e7\u00e3o nos Lucros e Resultados<\/li>\n<li>Seguro de Vida<\/li>\n<li>Convenio Farm\u00e1cia<\/li>\n<\/ul>\n","protected":false},"excerpt":{"rendered":"<p>MAIS\u00a0QUE\u00a0MERCADO Somos\u00a0hoje\u00a0o\u00a0maior\u00a0empregador\u00a0privado\u00a0do\u00a0Pa\u00eds\u00a0com\u00a0150\u00a0mil\u00a0colaboradores\u00a0e\u00a0colaboradoras\u00a0unidos\u00a0no\u00a0prop\u00f3sito\u00a0de\u00a0contribuir\u00a0para\u00a0uma\u00a0alimenta\u00e7\u00e3o\u00a0mais\u00a0acess\u00edvel\u00a0e\u00a0de\u00a0qualidade\u00a0aos\u00a0brasileiros\u00a0e\u00a0brasileiras,\u00a0colaborando\u00a0assim\u00a0com\u00a0a\u00a0sa\u00fade\u00a0e\u00a0o\u00a0bem-estar\u00a0de\u00a0todos\u00a0e\u00a0todas. Com\u00a0a\u00a0aquisi\u00e7\u00e3o\u00a0do\u00a0grupo\u00a0BIG,\u00a0em\u00a0junho\u00a0de\u00a02022,\u00a0demos\u00a0in\u00edcio\u00a0a\u00a0mais\u00a0uma\u00a0etapa\u00a0da\u00a0nossa\u00a0jornada\u00a0que\u00a0j\u00e1\u00a0dura\u00a047\u00a0anos\u00a0no\u00a0Brasil.\u00a0Unimos\u00a0o\u00a0melhor\u00a0dos\u00a0dois\u00a0grupos\u00a0e\u00a0somos\u00a0agora\u00a0uma\u00a0empresa\u00a0mais\u00a0diversa,\u00a0com\u00a0maior\u00a0capacidade\u00a0de\u00a0inovar\u00a0e\u00a0causar\u00a0impacto\u00a0positivo\u00a0na\u00a0sociedade.\u00a0Al\u00e9m\u00a0de\u00a0gerar\u00a0mais\u00a0de\u00a0R$\u00a0100\u00a0Bilh\u00f5es\u00a0em\u00a0receitas\u00a0e\u00a0lideran\u00e7a\u00a0no\u00a0setor\u00a0de\u00a023%\u00a0de\u00a0Market\u00a0Share. Estamos\u00a0investindo\u00a0fortemente\u00a0na\u00a0simplifica\u00e7\u00e3o\u00a0e\u00a0na\u00a0acelera\u00e7\u00e3o\u00a0digital,\u00a0pois\u00a0acreditamos\u00a0que\u00a0esse\u00a0\u00e9\u00a0o\u00a0caminho\u00a0para\u00a0nos\u00a0transformar\u00a0e\u00a0sermos\u00a0protagonistas\u00a0da\u00a0mudan\u00e7a\u00a0que\u00a0queremos\u00a0ver\u00a0no\u00a0pa\u00eds. Trabalhar\u00a0no\u00a0Grupo\u00a0Carrefour\u00a0Brasil\u00a0\u00e9\u00a0participar\u00a0diariamente\u00a0de\u00a0tudo\u00a0isso,\u00a0em\u00a0um\u00a0ambiente\u00a0que\u00a0respeita\u00a0e\u00a0acolhe\u00a0as\u00a0diferen\u00e7as\u00a0com\u00a0muito\u00a0espa\u00e7o\u00a0para\u00a0crescer\u00a0e\u00a0aprender.\u00a0Somos\u00a0muitos\u00a0e\u00a0queremos\u00a0ser\u00a0ainda\u00a0mais. E\u00a0voc\u00ea\u00a0tamb\u00e9m\u00a0pode\u00a0fazer\u00a0parte\u00a0dessa\u00a0grande\u00a0jornada.\u00a0Com\u00a0voc\u00ea,\u00a0seremos\u00a0ainda\u00a0maiores. DO\u00a0DISCURSO\u00a0\u00c0\u00a0PR\u00c1TICA Principais\u00a0Responsabilidades Auxiliar\u00e1\u00a0os\u00a0departamentos\u00a0operacionais\u00a0do\u00a0posto\u00a0,\u00a0onde\u00a0exercer\u00e1\u00a0fun\u00e7\u00f5es\u00a0especificas\u00a0de\u00a0cada\u00a0setor. Auxiliar\u00a0na\u00a0reposi\u00e7\u00e3o\u00a0e\u00a0arruma\u00e7\u00e3o\u00a0dos\u00a0produtos\u00a0no\u00a0expositor,\u00a0seguindo\u00a0instru\u00e7\u00f5es\u00a0do\u00a0gestor\u00a0e\/ou\u00a0layout\u00a0pr\u00e9-definido\u00a0; Auxiliar\u00a0no\u00a0abastecimento\u00a0nas\u00a0bombas\u00a0de\u00a0combustiveis; Auxiliar\u00a0na\u00a0organiza\u00e7\u00e3o\u00a0de\u00a0equipamentos,\u00a0mantendo\u00a0limpos\u00a0e\u00a0organizados. Auxiliar\u00a0no\u00a0atendimento\u00a0ao\u00a0cliente\u00a0e\u00a0no\u00a0caixa N\u00e3o\u00a0\u00e9\u00a0necess\u00e1rio\u00a0experi\u00eancia\u00a0profissional; No\u00a0Carrefour,\u00a0trabalhamos\u00a0diariamente\u00a0a\u00a0cultura\u00a0do\u00a0respeito\u00a0e\u00a0da\u00a0equidade.\u00a0A\u00a0valoriza\u00e7\u00e3o\u00a0da\u00a0diversidade\u00a0\u00e9\u00a0um\u00a0compromisso\u00a0para\u00a0o\u00a0Carrefour,\u00a0por\u00a0isso,\u00a0encorajamos\u00a0a\u00a0candidatura\u00a0e\u00a0damos\u00a0oportunidade\u00a0a\u00a0profissionais\u00a0diversos,\u00a0sejam\u00a0Mulheres,\u00a0Negros\u00a0(as),\u00a0Pessoas\u00a0LGBTI+,\u00a0Pessoas\u00a0com\u00a0defici\u00eancia\u00a0ou\u00a0Pessoas\u00a0em\u00a0situa\u00e7\u00e3o\u00a0de\u00a0ref\u00fagio. Se\u00a0identificou?\u00a0Inscreva-se\u00a0e\u00a0vamos\u00a0juntos\u00a0mudar\u00a0o\u00a0mundo\u00a0atrav\u00e9s\u00a0da\u00a0alimenta\u00e7\u00e3o!\u00a0#MelhoresJuntosMaioresComVoc\u00ea Local de trabalho: Rio de Janeiro, RJ Regime de contrata\u00e7\u00e3o de tipo: Efetivo \u2013 CLT Jornada: Per\u00edodo Integral \u00c1rea e especializa\u00e7\u00e3o profissional: Comercial, Vendas &#8211; Atendimento N\u00edvel hier\u00e1rquico: Operacional Escolaridade M\u00ednima: Ensino Fundamental (1\u00ba grau) Refeit\u00f3rio no local Vale [&hellip;]<\/p>\n","protected":false},"author":1,"featured_media":0,"comment_status":"open","ping_status":"open","sticky":false,"template":"","format":"standard","meta":{"footnotes":""},"categories":[21],"tags":[],"class_list":["post-3622","post","type-post","status-publish","format-standard","hentry","category-rio-de-janeiro-rj"],"_links":{"self":[{"href":"https:\/\/vagas.portalemprego.com.br\/index.php?rest_route=\/wp\/v2\/posts\/3622","targetHints":{"allow":["GET"]}}],"collection":[{"href":"https:\/\/vagas.portalemprego.com.br\/index.php?rest_route=\/wp\/v2\/posts"}],"about":[{"href":"https:\/\/vagas.portalemprego.com.br\/index.php?rest_route=\/wp\/v2\/types\/post"}],"author":[{"embeddable":true,"href":"https:\/\/vagas.portalemprego.com.br\/index.php?rest_route=\/wp\/v2\/users\/1"}],"replies":[{"embeddable":true,"href":"https:\/\/vagas.portalemprego.com.br\/index.php?rest_route=%2Fwp%2Fv2%2Fcomments&post=3622"}],"version-history":[{"count":0,"href":"https:\/\/vagas.portalemprego.com.br\/index.php?rest_route=\/wp\/v2\/posts\/3622\/revisions"}],"wp:attachment":[{"href":"https:\/\/vagas.portalemprego.com.br\/index.php?rest_route=%2Fwp%2Fv2%2Fmedia&parent=3622"}],"wp:term":[{"taxonomy":"category","embeddable":true,"href":"https:\/\/vagas.portalemprego.com.br\/index.php?rest_route=%2Fwp%2Fv2%2Fcategories&post=3622"},{"taxonomy":"post_tag","embeddable":true,"href":"https:\/\/vagas.portalemprego.com.br\/index.php?rest_route=%2Fwp%2Fv2%2Ftags&post=3622"}],"curies":[{"name":"wp","href":"https:\/\/api.w.org\/{rel}","templated":true}]}}