{"id":3624,"date":"2026-04-29T06:10:10","date_gmt":"2026-04-29T09:10:10","guid":{"rendered":"https:\/\/vagas.portalemprego.com.br\/?p=3624"},"modified":"2026-04-29T06:10:10","modified_gmt":"2026-04-29T09:10:10","slug":"atendente-de-sac-telemarketing-rio-de-janeiro","status":"publish","type":"post","link":"https:\/\/vagas.portalemprego.com.br\/?p=3624","title":{"rendered":"Atendente de SAC &#8211; Telemarketing &#8211; Rio de Janeiro"},"content":{"rendered":"<p>Descri\u00e7\u00e3o da vaga<\/p>\n<p>Miss\u00e3o da Fun\u00e7\u00e3o:<br \/>\nSer a voz da empresa diante do cliente \u2014 garantindo uma\u00a0experi\u00eancia de atendimento humanizada, \u00e1gil e resolutiva, fortalecendo o relacionamento e a confian\u00e7a com a marca.<br \/>\nO que voc\u00ea far\u00e1:<br \/>\nAtendimento telef\u00f4nico e por canais digitais (e-mail, chat, redes sociais).<br \/>\nRegistro e acompanhamento de reclama\u00e7\u00f5es e solicita\u00e7\u00f5es.<br \/>\nSolu\u00e7\u00e3o de problemas e d\u00favidas dos clientes.<br \/>\nAcompanhamento de indicadores de performance do SAC.<br \/>\nO que buscamos:<br \/>\nEnsino m\u00e9dio completo.<br \/>\nExperi\u00eancia comprovada em atendimento ao cliente (SAC).<br \/>\nConhecimento em inform\u00e1tica (pacote Office).<br \/>\nF\u00e1cil acesso a Recreio dos Bandeirantes\/RJ<br \/>\nBoa comunica\u00e7\u00e3o verbal e escrita.<\/p>\n<p>Por que essa vaga \u00e9 especial:<br \/>\nVoc\u00ea far\u00e1 parte de uma empresa que est\u00e1\u00a0revolucionando a mobilidade el\u00e9trica\u00a0e acredita que o sucesso come\u00e7a por um bom atendimento. Aqui, cada liga\u00e7\u00e3o \u00e9 uma oportunidade de encantar, resolver e transformar a experi\u00eancia do cliente.<br \/>\nSe voc\u00ea \u00e9 comunicativo(a), emp\u00e1tico(a) e busca uma oportunidade em um ambiente din\u00e2mico e colaborativo, essa vaga \u00e9 para voc\u00ea!<\/p>\n<ul>\n<li>Local de trabalho: Rio de Janeiro, RJ<\/li>\n<li>Regime de contrata\u00e7\u00e3o de tipo: Efetivo \u2013 CLT<\/li>\n<li>Jornada: Per\u00edodo Integral<\/li>\n<li>\u00c1rea e especializa\u00e7\u00e3o profissional: Telemarketing &#8211; SAC<\/li>\n<li>N\u00edvel hier\u00e1rquico: Operacional<\/li>\n<\/ul>\n<p>VALORIZADO<\/p>\n<p>Tempo de experi\u00eancia: Entre 1 e 3 anos<\/p>\n<p>HABILIDADES<\/p>\n<ul>\n<li>Empatia e paci\u00eancia<\/li>\n<li>Capacidade de resolu\u00e7\u00e3o de problemas<\/li>\n<li>Organiza\u00e7\u00e3o e aten\u00e7\u00e3o aos detalhes<\/li>\n<li>Habilidade de negocia\u00e7\u00e3o<\/li>\n<\/ul>\n<p>Escolaridade M\u00ednima: Ensino M\u00e9dio (2\u00ba Grau)<\/p>\n<ul>\n<li>Day Off Anivers\u00e1rio<\/li>\n<li>Conv\u00eanio com Faculdades<\/li>\n<li>Conv\u00eanio com farm\u00e1cias<\/li>\n<li>Vale transporte<\/li>\n<li>Vale Alimenta\u00e7\u00e3o<\/li>\n<\/ul>\n<p>Sal\u00e1rio: 1712,0<\/p>\n","protected":false},"excerpt":{"rendered":"<p>Descri\u00e7\u00e3o da vaga Miss\u00e3o da Fun\u00e7\u00e3o: Ser a voz da empresa diante do cliente \u2014 garantindo uma\u00a0experi\u00eancia de atendimento humanizada, \u00e1gil e resolutiva, fortalecendo o relacionamento e a confian\u00e7a com a marca. O que voc\u00ea far\u00e1: Atendimento telef\u00f4nico e por canais digitais (e-mail, chat, redes sociais). Registro e acompanhamento de reclama\u00e7\u00f5es e solicita\u00e7\u00f5es. Solu\u00e7\u00e3o de [&hellip;]<\/p>\n","protected":false},"author":1,"featured_media":0,"comment_status":"open","ping_status":"open","sticky":false,"template":"","format":"standard","meta":{"footnotes":""},"categories":[21],"tags":[],"class_list":["post-3624","post","type-post","status-publish","format-standard","hentry","category-rio-de-janeiro-rj"],"_links":{"self":[{"href":"https:\/\/vagas.portalemprego.com.br\/index.php?rest_route=\/wp\/v2\/posts\/3624","targetHints":{"allow":["GET"]}}],"collection":[{"href":"https:\/\/vagas.portalemprego.com.br\/index.php?rest_route=\/wp\/v2\/posts"}],"about":[{"href":"https:\/\/vagas.portalemprego.com.br\/index.php?rest_route=\/wp\/v2\/types\/post"}],"author":[{"embeddable":true,"href":"https:\/\/vagas.portalemprego.com.br\/index.php?rest_route=\/wp\/v2\/users\/1"}],"replies":[{"embeddable":true,"href":"https:\/\/vagas.portalemprego.com.br\/index.php?rest_route=%2Fwp%2Fv2%2Fcomments&post=3624"}],"version-history":[{"count":0,"href":"https:\/\/vagas.portalemprego.com.br\/index.php?rest_route=\/wp\/v2\/posts\/3624\/revisions"}],"wp:attachment":[{"href":"https:\/\/vagas.portalemprego.com.br\/index.php?rest_route=%2Fwp%2Fv2%2Fmedia&parent=3624"}],"wp:term":[{"taxonomy":"category","embeddable":true,"href":"https:\/\/vagas.portalemprego.com.br\/index.php?rest_route=%2Fwp%2Fv2%2Fcategories&post=3624"},{"taxonomy":"post_tag","embeddable":true,"href":"https:\/\/vagas.portalemprego.com.br\/index.php?rest_route=%2Fwp%2Fv2%2Ftags&post=3624"}],"curies":[{"name":"wp","href":"https:\/\/api.w.org\/{rel}","templated":true}]}}