{"id":3630,"date":"2026-04-29T06:08:08","date_gmt":"2026-04-29T09:08:08","guid":{"rendered":"https:\/\/vagas.portalemprego.com.br\/?p=3630"},"modified":"2026-04-29T06:08:08","modified_gmt":"2026-04-29T09:08:08","slug":"enfermeiro-obstetrico-emergencia-banco-de-talentos-saude-rio-de-janeiro","status":"publish","type":"post","link":"https:\/\/vagas.portalemprego.com.br\/?p=3630","title":{"rendered":"Enfermeiro Obst\u00e9trico &#8211; (Emerg\u00eancia) &#8211; Banco de Talentos &#8211; Sa\u00fade &#8211; Rio de Janeiro"},"content":{"rendered":"<p>A Casa de Sa\u00fade S\u00e3o Jos\u00e9 est\u00e1 contratando Enfermeiro(a) Obstetra para atuar na Emerg\u00eancia, garantindo uma assist\u00eancia segura e humanizada.<br \/>\nSomos uma institui\u00e7\u00e3o refer\u00eancia em atendimento hospitalar de qualidade, com valores pautados no respeito, compromisso e \u00e9tica. Estamos em constante busca pelo aprimoramento dos nossos servi\u00e7os, visando sempre o bem-estar e a sa\u00fade dos nossos pacientes.<br \/>\nRequisitos:<br \/>\nGradua\u00e7\u00e3o em Enfermagem (COREN ativo).<br \/>\nP\u00f3s-gradua\u00e7\u00e3o em Obstetr\u00edcia &#8211; completa.<br \/>\nExperi\u00eancia em assist\u00eancia Obst\u00e9trica (Pr\u00e9-ecl\u00e2mpsia, ecl\u00e2mpsia, hemorragia p\u00f3s-parto, distocias, parada cardiorrespirat\u00f3ria materna).<br \/>\nSe tiver experi\u00eancia em setor de Emerg\u00eancia Obst\u00e9trica ser\u00e1 diferencial (ou disponibilidade para aprender).<br \/>\nDisponibilidade para atuar em regime 12&#215;36.<br \/>\nConhecimento das Metas de Seguran\u00e7a do Paciente e protocolos da \u00e1rea.<br \/>\nConhecer Metas Internacionais de Seguran\u00e7a do Paciente.<br \/>\nConhecer protocolos assistenciais de uma assist\u00eancia Obst\u00e9trica.<br \/>\nPrincipais responsabilidades:<br \/>\nAssist\u00eancia ao trabalho de parto e parto de risco habitual.<br \/>\nAvalia\u00e7\u00e3o e monitoriza\u00e7\u00e3o materno-fetal.<br \/>\nIdentifica\u00e7\u00e3o precoce de riscos e atua\u00e7\u00e3o em emerg\u00eancias obst\u00e9tricas (pr\u00e9-ecl\u00e2mpsia, ecl\u00e2mpsia, HPP, distocias, PCR materna).<br \/>\nAcompanhamento de exames, altas, transfer\u00eancias e \u00f3bitos.<br \/>\nParticipa\u00e7\u00e3o do Round multiprofissional e aplica\u00e7\u00e3o do Processo de Enfermagem.<br \/>\nGest\u00e3o do cuidado: escala t\u00e9cnica, rondas, protocolos, insumos, vigil\u00e2ncia da unidade e outros.<\/p>\n<p>Lembramos que, de acordo com as diretrizes da Casa de Sa\u00fade S\u00e3o Jos\u00e9, todas as informa\u00e7\u00f5es fornecidas ser\u00e3o tratadas de forma confidencial, sendo utilizadas apenas para fins de sele\u00e7\u00e3o e recrutamento.<br \/>\nAgradecemos seu interesse em fazer parte da nossa equipe e entraremos em contato com os candidatos que atenderem aos requisitos estabelecidos.<br \/>\nA CASA DE SA\u00daDE S\u00c3O JOS\u00c9 valoriza a diversidade e a inclus\u00e3o, portanto encorajamos candidaturas de pessoas de todos os g\u00eaneros, ra\u00e7as, etnias e backgrounds.<br \/>\nVenha fazer parte da nossa equipe e contribuir para a presta\u00e7\u00e3o de servi\u00e7os de sa\u00fade de excel\u00eancia!<br \/>\nBoa sorte!!<\/p>\n<ul>\n<li>Local de trabalho: Rio de Janeiro, RJ<\/li>\n<li>Regime de contrata\u00e7\u00e3o de tipo: Efetivo \u2013 CLT<\/li>\n<li>Jornada: Per\u00edodo Integral<\/li>\n<li>\u00c1rea e especializa\u00e7\u00e3o profissional: Sa\u00fade &#8211; Enfermagem<\/li>\n<li>N\u00edvel hier\u00e1rquico: Analista<\/li>\n<\/ul>\n<p>HABILIDADES<\/p>\n<ul>\n<li>Organiza\u00e7\u00e3o<\/li>\n<li>Comprometimento<\/li>\n<li>Iniciativa<\/li>\n<li>Bom relacionamento Interpessoal<\/li>\n<li>Boa Capacidade de Comunica\u00e7\u00e3o Oral E Escrita<\/li>\n<li>Capacidade De Decis\u00e3o<\/li>\n<li>Trabalho Em Equipe<\/li>\n<\/ul>\n<p>Escolaridade M\u00ednima: P\u00f3s-gradua\u00e7\u00e3o &#8211; Especializa\u00e7\u00e3o\/MBA<\/p>\n<ul>\n<li>Plataforma de Cursos<\/li>\n<li>Gym Pass ou Total Pass<\/li>\n<li>Conv\u00eanio Farm\u00e1cia<\/li>\n<li>Refei\u00e7\u00e3o no local: Caf\u00e9 da manh\u00e3,  almo\u00e7o e lanche da tarde<\/li>\n<li>Assist\u00eancia m\u00e9dica<\/li>\n<li>Conv\u00eanio Sesc<\/li>\n<li>Assist\u00eancia odontol\u00f3gica<\/li>\n<\/ul>\n","protected":false},"excerpt":{"rendered":"<p>A Casa de Sa\u00fade S\u00e3o Jos\u00e9 est\u00e1 contratando Enfermeiro(a) Obstetra para atuar na Emerg\u00eancia, garantindo uma assist\u00eancia segura e humanizada. Somos uma institui\u00e7\u00e3o refer\u00eancia em atendimento hospitalar de qualidade, com valores pautados no respeito, compromisso e \u00e9tica. Estamos em constante busca pelo aprimoramento dos nossos servi\u00e7os, visando sempre o bem-estar e a sa\u00fade dos nossos [&hellip;]<\/p>\n","protected":false},"author":1,"featured_media":0,"comment_status":"open","ping_status":"open","sticky":false,"template":"","format":"standard","meta":{"footnotes":""},"categories":[21],"tags":[],"class_list":["post-3630","post","type-post","status-publish","format-standard","hentry","category-rio-de-janeiro-rj"],"_links":{"self":[{"href":"https:\/\/vagas.portalemprego.com.br\/index.php?rest_route=\/wp\/v2\/posts\/3630","targetHints":{"allow":["GET"]}}],"collection":[{"href":"https:\/\/vagas.portalemprego.com.br\/index.php?rest_route=\/wp\/v2\/posts"}],"about":[{"href":"https:\/\/vagas.portalemprego.com.br\/index.php?rest_route=\/wp\/v2\/types\/post"}],"author":[{"embeddable":true,"href":"https:\/\/vagas.portalemprego.com.br\/index.php?rest_route=\/wp\/v2\/users\/1"}],"replies":[{"embeddable":true,"href":"https:\/\/vagas.portalemprego.com.br\/index.php?rest_route=%2Fwp%2Fv2%2Fcomments&post=3630"}],"version-history":[{"count":0,"href":"https:\/\/vagas.portalemprego.com.br\/index.php?rest_route=\/wp\/v2\/posts\/3630\/revisions"}],"wp:attachment":[{"href":"https:\/\/vagas.portalemprego.com.br\/index.php?rest_route=%2Fwp%2Fv2%2Fmedia&parent=3630"}],"wp:term":[{"taxonomy":"category","embeddable":true,"href":"https:\/\/vagas.portalemprego.com.br\/index.php?rest_route=%2Fwp%2Fv2%2Fcategories&post=3630"},{"taxonomy":"post_tag","embeddable":true,"href":"https:\/\/vagas.portalemprego.com.br\/index.php?rest_route=%2Fwp%2Fv2%2Ftags&post=3630"}],"curies":[{"name":"wp","href":"https:\/\/api.w.org\/{rel}","templated":true}]}}