{"id":3632,"date":"2026-04-29T06:08:08","date_gmt":"2026-04-29T09:08:08","guid":{"rendered":"https:\/\/vagas.portalemprego.com.br\/?p=3632"},"modified":"2026-04-29T06:08:08","modified_gmt":"2026-04-29T09:08:08","slug":"assistente-de-operacoes-bilingue-logistica-rio-de-janeiro-2","status":"publish","type":"post","link":"https:\/\/vagas.portalemprego.com.br\/?p=3632","title":{"rendered":"Assistente de Opera\u00e7\u00f5es Bilingue &#8211; Log\u00edstica &#8211; Rio de Janeiro"},"content":{"rendered":"<p>Introdu\u00e7\u00e3o:Estamos em busca de um Assistente de Opera\u00e7\u00f5es Bilingue para atuar em nossa sede. A posi\u00e7\u00e3o oferece uma oportunidade para quem busca contribuir com um ambiente din\u00e2mico e colaborativo.<br \/>\nFun\u00e7\u00f5es:<br \/>\nRespons\u00e1vel pelo monitoramento da Central de Informa\u00e7\u00f5es, elabora\u00e7\u00e3o de relat\u00f3rios e gest\u00e3o de transporte fretado, atuando na preven\u00e7\u00e3o e mitiga\u00e7\u00e3o de riscos.<br \/>\nRequisitos:<br \/>\nNecess\u00e1rio ingl\u00eas fluente, espanhol desej\u00e1vel, dom\u00ednio do pacote Office, Conhecimento da geografia do RJ;<br \/>\nExperi\u00eancia em rotinas operacionais ou seguran\u00e7a privada.<br \/>\nPerfil\u00a0proativo,\u00a0anal\u00edtico,\u00a0organizado\u00a0e\u00a0com\u00a0bom\u00a0controle\u00a0emocional\u00a0para\u00a0lidar\u00a0com\u00a0multitarefas\u00a0e\u00a0press\u00e3o\u00a0di\u00e1ria.\u00a0<br \/>\nBenef\u00edcios:<br \/>\nOferecemos um ambiente de trabalho colaborativo<br \/>\nAmbiente de trabalho seguro e agrad\u00e1vel<br \/>\nPlano de Sa\u00fade<br \/>\nVale Alimenta\u00e7\u00e3o<br \/>\nVale Transporte<\/p>\n<ul>\n<li>N\u00famero de vagas: 2<\/li>\n<li>Local de trabalho: Rio de Janeiro, RJ<\/li>\n<li>Regime de contrata\u00e7\u00e3o de tipo: Efetivo \u2013 CLT<\/li>\n<li>Jornada: Per\u00edodo Integral<\/li>\n<li>\u00c1rea e especializa\u00e7\u00e3o profissional: Log\u00edstica &#8211; Log\u00edstica<\/li>\n<li>N\u00edvel hier\u00e1rquico: Operacional<\/li>\n<\/ul>\n<p>Escolaridade M\u00ednima: Ensino M\u00e9dio (2\u00ba Grau)<\/p>\n<p>Sal\u00e1rio: 4352,09<\/p>\n","protected":false},"excerpt":{"rendered":"<p>Introdu\u00e7\u00e3o:Estamos em busca de um Assistente de Opera\u00e7\u00f5es Bilingue para atuar em nossa sede. A posi\u00e7\u00e3o oferece uma oportunidade para quem busca contribuir com um ambiente din\u00e2mico e colaborativo. Fun\u00e7\u00f5es: Respons\u00e1vel pelo monitoramento da Central de Informa\u00e7\u00f5es, elabora\u00e7\u00e3o de relat\u00f3rios e gest\u00e3o de transporte fretado, atuando na preven\u00e7\u00e3o e mitiga\u00e7\u00e3o de riscos. Requisitos: Necess\u00e1rio ingl\u00eas [&hellip;]<\/p>\n","protected":false},"author":1,"featured_media":0,"comment_status":"open","ping_status":"open","sticky":false,"template":"","format":"standard","meta":{"footnotes":""},"categories":[21],"tags":[],"class_list":["post-3632","post","type-post","status-publish","format-standard","hentry","category-rio-de-janeiro-rj"],"_links":{"self":[{"href":"https:\/\/vagas.portalemprego.com.br\/index.php?rest_route=\/wp\/v2\/posts\/3632","targetHints":{"allow":["GET"]}}],"collection":[{"href":"https:\/\/vagas.portalemprego.com.br\/index.php?rest_route=\/wp\/v2\/posts"}],"about":[{"href":"https:\/\/vagas.portalemprego.com.br\/index.php?rest_route=\/wp\/v2\/types\/post"}],"author":[{"embeddable":true,"href":"https:\/\/vagas.portalemprego.com.br\/index.php?rest_route=\/wp\/v2\/users\/1"}],"replies":[{"embeddable":true,"href":"https:\/\/vagas.portalemprego.com.br\/index.php?rest_route=%2Fwp%2Fv2%2Fcomments&post=3632"}],"version-history":[{"count":0,"href":"https:\/\/vagas.portalemprego.com.br\/index.php?rest_route=\/wp\/v2\/posts\/3632\/revisions"}],"wp:attachment":[{"href":"https:\/\/vagas.portalemprego.com.br\/index.php?rest_route=%2Fwp%2Fv2%2Fmedia&parent=3632"}],"wp:term":[{"taxonomy":"category","embeddable":true,"href":"https:\/\/vagas.portalemprego.com.br\/index.php?rest_route=%2Fwp%2Fv2%2Fcategories&post=3632"},{"taxonomy":"post_tag","embeddable":true,"href":"https:\/\/vagas.portalemprego.com.br\/index.php?rest_route=%2Fwp%2Fv2%2Ftags&post=3632"}],"curies":[{"name":"wp","href":"https:\/\/api.w.org\/{rel}","templated":true}]}}