{"id":3633,"date":"2026-04-29T06:08:08","date_gmt":"2026-04-29T09:08:08","guid":{"rendered":"https:\/\/vagas.portalemprego.com.br\/?p=3633"},"modified":"2026-04-29T06:08:08","modified_gmt":"2026-04-29T09:08:08","slug":"produtor-a-de-evento-marketing-rio-de-janeiro","status":"publish","type":"post","link":"https:\/\/vagas.portalemprego.com.br\/?p=3633","title":{"rendered":"Produtor (a) de Evento &#8211; Marketing &#8211; Rio de Janeiro"},"content":{"rendered":"<p>Principais atividades:<br \/>\nApoio operacional na organiza\u00e7\u00e3o de eventos e controle das etapas (checklists, cronogramas e s\u00famulas);<br \/>\nSolicita\u00e7\u00e3o e compara\u00e7\u00e3o de or\u00e7amentos, com apoio na negocia\u00e7\u00e3o com fornecedores;<br \/>\nAtualiza\u00e7\u00e3o e controle de planilhas financeiras em Excel;<br \/>\nAtendimento \u00e0s demandas das \u00e1reas internas, seguindo briefing e orienta\u00e7\u00f5es do gestor;<br \/>\nApoio na coordena\u00e7\u00e3o de fornecedores no pr\u00e9 e durante o evento.<br \/>\nRequisitos:<br \/>\nEnsino superior completo (Administra\u00e7\u00e3o, Marketing, Comunica\u00e7\u00e3o, Eventos ou \u00e1reas correlatas);<br \/>\nConhecimento b\u00e1sico de Excel;<br \/>\nDisponibilidade para atua\u00e7\u00e3o operacional em eventos presenciais;<br \/>\nDesej\u00e1vel ingl\u00eas intermedi\u00e1rio.<br \/>\nBenef\u00edcios:<br \/>\nVA &#8211; R$771,00 (sem desconto, recebe nas f\u00e9rias e recebe dobrado em dezembro)<br \/>\nVR &#8211; R$997,00 (sem desconto e recebe nas f\u00e9rias)<br \/>\n14\u00ba sal\u00e1rio em dezembro &#8211; 90% do sal\u00e1rio<br \/>\nB\u00f4nus &#8211; 40% do sal\u00e1rio do profissional + parcela fixa estipulada pelo sindicado<br \/>\nGympass<br \/>\nSESC<br \/>\nPlano de sa\u00fade sem mensalidade e sem coparticipa\u00e7\u00e3o, podendo incluir dependentes<br \/>\nPlano odonto sem mensalidade e sem coparticipa\u00e7\u00e3o,\u00a0 podendo incluir dependentes<br \/>\nPrevid\u00eancia privada de 4, 5 ou 6% e a empresa contribui com 100% do mesmo percentual.<br \/>\nDayoff anivers\u00e1rio<\/p>\n<ul>\n<li>Local de trabalho: Rio de Janeiro, RJ<\/li>\n<li>Regime de contrata\u00e7\u00e3o de tipo: Efetivo \u2013 CLT<\/li>\n<li>Jornada: Per\u00edodo Integral<\/li>\n<li>\u00c1rea e especializa\u00e7\u00e3o profissional: Marketing &#8211; Marketing<\/li>\n<li>N\u00edvel hier\u00e1rquico: Analista<\/li>\n<\/ul>\n<p>Escolaridade M\u00ednima: Ensino Superior<\/p>\n<p>Sal\u00e1rio: 3840,0<\/p>\n","protected":false},"excerpt":{"rendered":"<p>Principais atividades: Apoio operacional na organiza\u00e7\u00e3o de eventos e controle das etapas (checklists, cronogramas e s\u00famulas); Solicita\u00e7\u00e3o e compara\u00e7\u00e3o de or\u00e7amentos, com apoio na negocia\u00e7\u00e3o com fornecedores; Atualiza\u00e7\u00e3o e controle de planilhas financeiras em Excel; Atendimento \u00e0s demandas das \u00e1reas internas, seguindo briefing e orienta\u00e7\u00f5es do gestor; Apoio na coordena\u00e7\u00e3o de fornecedores no pr\u00e9 e [&hellip;]<\/p>\n","protected":false},"author":1,"featured_media":0,"comment_status":"open","ping_status":"open","sticky":false,"template":"","format":"standard","meta":{"footnotes":""},"categories":[21],"tags":[],"class_list":["post-3633","post","type-post","status-publish","format-standard","hentry","category-rio-de-janeiro-rj"],"_links":{"self":[{"href":"https:\/\/vagas.portalemprego.com.br\/index.php?rest_route=\/wp\/v2\/posts\/3633","targetHints":{"allow":["GET"]}}],"collection":[{"href":"https:\/\/vagas.portalemprego.com.br\/index.php?rest_route=\/wp\/v2\/posts"}],"about":[{"href":"https:\/\/vagas.portalemprego.com.br\/index.php?rest_route=\/wp\/v2\/types\/post"}],"author":[{"embeddable":true,"href":"https:\/\/vagas.portalemprego.com.br\/index.php?rest_route=\/wp\/v2\/users\/1"}],"replies":[{"embeddable":true,"href":"https:\/\/vagas.portalemprego.com.br\/index.php?rest_route=%2Fwp%2Fv2%2Fcomments&post=3633"}],"version-history":[{"count":0,"href":"https:\/\/vagas.portalemprego.com.br\/index.php?rest_route=\/wp\/v2\/posts\/3633\/revisions"}],"wp:attachment":[{"href":"https:\/\/vagas.portalemprego.com.br\/index.php?rest_route=%2Fwp%2Fv2%2Fmedia&parent=3633"}],"wp:term":[{"taxonomy":"category","embeddable":true,"href":"https:\/\/vagas.portalemprego.com.br\/index.php?rest_route=%2Fwp%2Fv2%2Fcategories&post=3633"},{"taxonomy":"post_tag","embeddable":true,"href":"https:\/\/vagas.portalemprego.com.br\/index.php?rest_route=%2Fwp%2Fv2%2Ftags&post=3633"}],"curies":[{"name":"wp","href":"https:\/\/api.w.org\/{rel}","templated":true}]}}