{"id":3637,"date":"2026-04-29T06:08:08","date_gmt":"2026-04-29T09:08:08","guid":{"rendered":"https:\/\/vagas.portalemprego.com.br\/?p=3637"},"modified":"2026-04-29T06:08:08","modified_gmt":"2026-04-29T09:08:08","slug":"atendente-de-lanchonete-alimentacao-gastronomia-rio-de-janeiro","status":"publish","type":"post","link":"https:\/\/vagas.portalemprego.com.br\/?p=3637","title":{"rendered":"Atendente de Lanchonete &#8211; Alimenta\u00e7\u00e3o \/ Gastronomia &#8211; Rio de Janeiro"},"content":{"rendered":"<p>Atender clientes e realizar venda de produtos;<br \/>\nlan\u00e7ar pedidos, fazer pedido e repassar venda no caixa;<br \/>\nManter o ambiente limpo;<br \/>\nContabilizar estoque.<\/p>\n<p>Local de Trabalho: Humait\u00e1<br \/>\nEscala 6&#215;1: (folgas\u00a0alternadas)<\/p>\n<p>Vaga 1: seg a sex: das 06:00h \u00e0s 15:00h<br \/>\ns\u00e1b e dom: das 08:00h \u00e0s 12:00h <\/p>\n<p>Vaga2: seg a qui: das 12:00h \u00e0s 21:00h<br \/>\nsex: das 11:00h \u00e0s 20:00h<br \/>\ns\u00e1b e dom: das 08:00h \u00e0s 12:00h (folgas alternadas)<\/p>\n<ul>\n<li>Local de trabalho: Rio de Janeiro, RJ<\/li>\n<li>Regime de contrata\u00e7\u00e3o de tipo: Efetivo \u2013 CLT<\/li>\n<li>Jornada: Per\u00edodo Integral<\/li>\n<li>\u00c1rea e especializa\u00e7\u00e3o profissional: Alimenta\u00e7\u00e3o \/ Gastronomia &#8211; Lanchonete, Fast Food, Cafeteria<\/li>\n<li>N\u00edvel hier\u00e1rquico: Auxiliar<\/li>\n<\/ul>\n<p>HABILIDADES<\/p>\n<ul>\n<li>F\u00e1cil acesso \u00e0 Zona Sul<\/li>\n<li>Disponibilidade total de hor\u00e1rio e escala<\/li>\n<li>Ensino m\u00e9dio completo<\/li>\n<li>Experi\u00eancia com atendimento ao p\u00fablico (preferencialmente no ramo aliment\u00edcio)<\/li>\n<\/ul>\n<p>Escolaridade M\u00ednima: Ensino M\u00e9dio (2\u00ba Grau)<\/p>\n<ul>\n<li>VR (R$132,00 &#8211; por m\u00eas)<\/li>\n<li>Comiss\u00e3o<\/li>\n<li>VT<\/li>\n<\/ul>\n<p>Sal\u00e1rio: 1621,0<\/p>\n","protected":false},"excerpt":{"rendered":"<p>Atender clientes e realizar venda de produtos; lan\u00e7ar pedidos, fazer pedido e repassar venda no caixa; Manter o ambiente limpo; Contabilizar estoque. Local de Trabalho: Humait\u00e1 Escala 6&#215;1: (folgas\u00a0alternadas) Vaga 1: seg a sex: das 06:00h \u00e0s 15:00h s\u00e1b e dom: das 08:00h \u00e0s 12:00h Vaga2: seg a qui: das 12:00h \u00e0s 21:00h sex: das [&hellip;]<\/p>\n","protected":false},"author":1,"featured_media":0,"comment_status":"open","ping_status":"open","sticky":false,"template":"","format":"standard","meta":{"footnotes":""},"categories":[21],"tags":[],"class_list":["post-3637","post","type-post","status-publish","format-standard","hentry","category-rio-de-janeiro-rj"],"_links":{"self":[{"href":"https:\/\/vagas.portalemprego.com.br\/index.php?rest_route=\/wp\/v2\/posts\/3637","targetHints":{"allow":["GET"]}}],"collection":[{"href":"https:\/\/vagas.portalemprego.com.br\/index.php?rest_route=\/wp\/v2\/posts"}],"about":[{"href":"https:\/\/vagas.portalemprego.com.br\/index.php?rest_route=\/wp\/v2\/types\/post"}],"author":[{"embeddable":true,"href":"https:\/\/vagas.portalemprego.com.br\/index.php?rest_route=\/wp\/v2\/users\/1"}],"replies":[{"embeddable":true,"href":"https:\/\/vagas.portalemprego.com.br\/index.php?rest_route=%2Fwp%2Fv2%2Fcomments&post=3637"}],"version-history":[{"count":0,"href":"https:\/\/vagas.portalemprego.com.br\/index.php?rest_route=\/wp\/v2\/posts\/3637\/revisions"}],"wp:attachment":[{"href":"https:\/\/vagas.portalemprego.com.br\/index.php?rest_route=%2Fwp%2Fv2%2Fmedia&parent=3637"}],"wp:term":[{"taxonomy":"category","embeddable":true,"href":"https:\/\/vagas.portalemprego.com.br\/index.php?rest_route=%2Fwp%2Fv2%2Fcategories&post=3637"},{"taxonomy":"post_tag","embeddable":true,"href":"https:\/\/vagas.portalemprego.com.br\/index.php?rest_route=%2Fwp%2Fv2%2Ftags&post=3637"}],"curies":[{"name":"wp","href":"https:\/\/api.w.org\/{rel}","templated":true}]}}