{"id":3639,"date":"2026-04-29T06:08:08","date_gmt":"2026-04-29T09:08:08","guid":{"rendered":"https:\/\/vagas.portalemprego.com.br\/?p=3639"},"modified":"2026-04-29T06:08:08","modified_gmt":"2026-04-29T09:08:08","slug":"vendedor-responsavel-arezzo-shopping-tijuca-comercial-vendas-rio-de-janeiro","status":"publish","type":"post","link":"https:\/\/vagas.portalemprego.com.br\/?p=3639","title":{"rendered":"Vendedor Respons\u00e1vel | Arezzo Shopping Tijuca &#8211; Comercial, Vendas &#8211; Rio de Janeiro"},"content":{"rendered":"<p>Nosso time \u00e9 formado por pessoas com brilho nos olhos e vontade de fazer a diferen\u00e7a.<br \/>\nTemos objetivo de encantar clientes do Brasil e do mundo, com prop\u00f3sito de Interpretar Tend\u00eancias e Despertar Desejos.<br \/>\nSe voc\u00ea tamb\u00e9m faz com paix\u00e3o, tem flexibilidade, transpar\u00eancia, envolvimento, gosta de trabalhar com uni\u00e3o e desafio, a Arezzo&amp;Co pode ser o lugar certo para voc\u00ea!<br \/>\nQueremos cada vez mais construir um ambiente diverso e inclusivo, por isso, nossa pol\u00edtica de contrata\u00e7\u00e3o n\u00e3o discrimina g\u00eanero, ra\u00e7a\/cor, religi\u00e3o, orienta\u00e7\u00e3o sexual, idade, condi\u00e7\u00e3o de HIV e defici\u00eancia intelectual ou f\u00edsica.<br \/>\nVenha evoluir com a gente, em cada passo da nossa jornada. RUMO A 2154!<\/p>\n<p>Responsabilidades e atribui\u00e7\u00f5es<br \/>\n\u2022 Vendas de Produtos;<br \/>\n\u2022 Planejar a venda di\u00e1ria com o objetivo de atingir todos os indicadores;<br \/>\n\u2022 Fornecer experi\u00eancia de atendimentos \u00fanico, excelente comunica\u00e7\u00e3o e fideliza\u00e7\u00e3o;<br \/>\n\u2022 Desenvolvimento em ferramentas digitais;<br \/>\n\u2022 Flexibilidade e habilidade em relacionamento para apoiar no p\u00f3s-vendas;<br \/>\n\u2022 Conhecimento e Interesse em tend\u00eancias no mundo da moda;<br \/>\n\u2022 Contribuir para manuten\u00e7\u00e3o da organiza\u00e7\u00e3o do ambiente de trabalho, assim como identificar diariamente o estoque da loja<br \/>\nRequisitos e qualifica\u00e7\u00f5es<br \/>\nEnsino m\u00e9dio completo;<br \/>\nInteresse em Moda, Design e \u00e1reas similares ser\u00e1 um diferencial;<br \/>\nFacilidade em lidar com p\u00fablico;<br \/>\nInform\u00e1tica: Pacote Office e Sistema de Vendas;<br \/>\nExperi\u00eancia em varejo de moda.<br \/>\nInforma\u00e7\u00f5es adicionais<br \/>\nBenef\u00edcios Financeiros e de Alimenta\u00e7\u00e3o<br \/>\n??\u00a0Vale Alimenta\u00e7\u00e3o\/Refei\u00e7\u00e3o\u00a0\u2013 Para que voc\u00ea tenha mais autonomia, pode optar entre o Vale Alimenta\u00e7\u00e3o para utilizar em mercados e preparar suas refei\u00e7\u00f5es, ou pelo Vale Refei\u00e7\u00e3o, para utilizar em restaurantes e lanchonetes.<br \/>\n??\u00a0Vale Transporte\u00a0\u2013 Oferecido conforme sua necessidade de itiner\u00e1rio em transporte p\u00fablico.<br \/>\n??\u00a0Desconto nas Marcas\u00a0\u2013 Desconto exclusivo para colaboradores em todas as marcas da Maior House Of Brands do Brasil.<br \/>\n??\u00a0New Value\u00a0\u2013 Clube de benef\u00edcios com ofertas exclusivas para colaboradores.<\/p>\n<p>Sa\u00fade e Bem-Estar<br \/>\n??\u00a0Plano de Sa\u00fade e Plano Odontol\u00f3gico\u00a0\u2013 Para cuidar da sua sa\u00fade e dos seus dependentes, oferecemos Plano de Sa\u00fade Bradesco e Plano Odontol\u00f3gico Bradesco.<br \/>\n??\u00a0Plano de Sa\u00fade PetLove\u00a0\u2013 Plano de sa\u00fade para seu pet receber o carinho e cuidado que merece! Inclui cobertura para consultas, vacinas, exames e plant\u00e3o 24h com car\u00eancia zero.<br \/>\n??\u00a0Wellhub\u00a0\u2013 Academia e bem-estar para voc\u00ea e seus dependentes, substituindo o Gympass.<br \/>\n??\u00a0Wellz\u00a0\u2013 Plataforma online de atendimento psicol\u00f3gico para cuidar da sua sa\u00fade mental, substituindo o Psicologia Viva.<\/p>\n<p>Integra\u00e7\u00e3o e Cultura Organizacional<br \/>\n??\u00a0Rede Social Corporativa\u00a0\u2013 Plataforma interna para acompanhar novidades da empresa e interagir com colegas.<\/p>\n<p>??\u00a0Gostou? Esses benef\u00edcios foram pensados para voc\u00ea! Junte-se a n\u00f3s e aproveite tudo o que oferecemos.<\/p>\n<ul>\n<li>Local de trabalho: Rio de Janeiro, RJ<\/li>\n<li>Regime de contrata\u00e7\u00e3o de tipo: Efetivo \u2013 CLT<\/li>\n<li>Jornada: Per\u00edodo Integral<\/li>\n<li>\u00c1rea e especializa\u00e7\u00e3o profissional: Comercial, Vendas &#8211; Lojas \/ Shopping<\/li>\n<li>N\u00edvel hier\u00e1rquico: Operacional<\/li>\n<\/ul>\n<p>VALORIZADO<\/p>\n<p>Tempo de experi\u00eancia: Entre 1 e 3 anos<\/p>\n<p>Escolaridade M\u00ednima: Ensino M\u00e9dio (2\u00ba Grau)<\/p>\n","protected":false},"excerpt":{"rendered":"<p>Nosso time \u00e9 formado por pessoas com brilho nos olhos e vontade de fazer a diferen\u00e7a. Temos objetivo de encantar clientes do Brasil e do mundo, com prop\u00f3sito de Interpretar Tend\u00eancias e Despertar Desejos. Se voc\u00ea tamb\u00e9m faz com paix\u00e3o, tem flexibilidade, transpar\u00eancia, envolvimento, gosta de trabalhar com uni\u00e3o e desafio, a Arezzo&amp;Co pode ser [&hellip;]<\/p>\n","protected":false},"author":1,"featured_media":0,"comment_status":"open","ping_status":"open","sticky":false,"template":"","format":"standard","meta":{"footnotes":""},"categories":[21],"tags":[],"class_list":["post-3639","post","type-post","status-publish","format-standard","hentry","category-rio-de-janeiro-rj"],"_links":{"self":[{"href":"https:\/\/vagas.portalemprego.com.br\/index.php?rest_route=\/wp\/v2\/posts\/3639","targetHints":{"allow":["GET"]}}],"collection":[{"href":"https:\/\/vagas.portalemprego.com.br\/index.php?rest_route=\/wp\/v2\/posts"}],"about":[{"href":"https:\/\/vagas.portalemprego.com.br\/index.php?rest_route=\/wp\/v2\/types\/post"}],"author":[{"embeddable":true,"href":"https:\/\/vagas.portalemprego.com.br\/index.php?rest_route=\/wp\/v2\/users\/1"}],"replies":[{"embeddable":true,"href":"https:\/\/vagas.portalemprego.com.br\/index.php?rest_route=%2Fwp%2Fv2%2Fcomments&post=3639"}],"version-history":[{"count":0,"href":"https:\/\/vagas.portalemprego.com.br\/index.php?rest_route=\/wp\/v2\/posts\/3639\/revisions"}],"wp:attachment":[{"href":"https:\/\/vagas.portalemprego.com.br\/index.php?rest_route=%2Fwp%2Fv2%2Fmedia&parent=3639"}],"wp:term":[{"taxonomy":"category","embeddable":true,"href":"https:\/\/vagas.portalemprego.com.br\/index.php?rest_route=%2Fwp%2Fv2%2Fcategories&post=3639"},{"taxonomy":"post_tag","embeddable":true,"href":"https:\/\/vagas.portalemprego.com.br\/index.php?rest_route=%2Fwp%2Fv2%2Ftags&post=3639"}],"curies":[{"name":"wp","href":"https:\/\/api.w.org\/{rel}","templated":true}]}}