{"id":3643,"date":"2026-04-29T06:08:08","date_gmt":"2026-04-29T09:08:08","guid":{"rendered":"https:\/\/vagas.portalemprego.com.br\/?p=3643"},"modified":"2026-04-29T06:08:08","modified_gmt":"2026-04-29T09:08:08","slug":"cumim-copacabana-alimentacao-gastronomia-rio-de-janeiro","status":"publish","type":"post","link":"https:\/\/vagas.portalemprego.com.br\/?p=3643","title":{"rendered":"Cumim &#8211; Copacabana &#8211; Alimenta\u00e7\u00e3o \/ Gastronomia &#8211; Rio de Janeiro"},"content":{"rendered":"<p>Restaurante\u00a0de\u00a0culin\u00e1ria\u00a0espanhola\u00a0conhecido\u00a0pelas\u00a0tapas\u00a0variadas,\u00a0paellas\u00a0e\u00a0ambiente\u00a0animado,\u00a0trazendo\u00a0um\u00a0clima\u00a0descontra\u00eddo\u00a0e\u00a0aut\u00eantico\u00a0da\u00a0Espanha\u00a0para\u00a0a\u00a0Zona\u00a0Sul\u00a0do\u00a0Rio.<br \/>\nO\u00a0profissional\u00a0ser\u00e1\u00a0respons\u00e1vel\u00a0por\u00a0auxiliar\u00a0os\u00a0gar\u00e7ons\u00a0no\u00a0atendimento,\u00a0organizar\u00a0e\u00a0limpar\u00a0mesas,\u00a0apoiar\u00a0na\u00a0montagem\u00a0e\u00a0organiza\u00e7\u00e3o\u00a0do\u00a0sal\u00e3o\u00a0e\u00a0prestar\u00a0suporte\u00a0geral\u00a0\u00e0\u00a0equipe.\u00a0Necess\u00e1ria\u00a0a\u00a0experi\u00eancia\u00a0na\u00a0fun\u00e7\u00e3o.<br \/>\nInforma\u00e7\u00f5es\u00a0da\u00a0Vaga:<br \/>\nHor\u00e1rio:\u00a0MANH\u00c3:\u00a010:30H\u00a0\u00a0\u00c0S\u00a018:50H\u00a0\/\u00a0\u00a0NOITE:\u00a017:30H\u00a0\u00c0S\u00a001:20H<br \/>\nRemunera\u00e7\u00e3o:<br \/>\nSal\u00e1rio\u00a0base\u00a0+\u00a0gorjeta<br \/>\nRemunera\u00e7\u00e3o\u00a0m\u00e9dia\u00a0total:\u00a0R$\u00a02.200<\/p>\n<ul>\n<li>N\u00famero de vagas: 2<\/li>\n<li>Local de trabalho: Rio de Janeiro, RJ<\/li>\n<li>Regime de contrata\u00e7\u00e3o de tipo: Efetivo \u2013 CLT<\/li>\n<li>Jornada: Per\u00edodo Integral<\/li>\n<li>\u00c1rea e especializa\u00e7\u00e3o profissional: Alimenta\u00e7\u00e3o \/ Gastronomia &#8211; Atendente \/ Recep\u00e7\u00e3o \/ Gar\u00e7om<\/li>\n<li>N\u00edvel hier\u00e1rquico: Auxiliar<\/li>\n<\/ul>\n<p>Escolaridade M\u00ednima: Ensino M\u00e9dio (2\u00ba Grau)<\/p>\n<p>Sal\u00e1rio: 2200,0<\/p>\n","protected":false},"excerpt":{"rendered":"<p>Restaurante\u00a0de\u00a0culin\u00e1ria\u00a0espanhola\u00a0conhecido\u00a0pelas\u00a0tapas\u00a0variadas,\u00a0paellas\u00a0e\u00a0ambiente\u00a0animado,\u00a0trazendo\u00a0um\u00a0clima\u00a0descontra\u00eddo\u00a0e\u00a0aut\u00eantico\u00a0da\u00a0Espanha\u00a0para\u00a0a\u00a0Zona\u00a0Sul\u00a0do\u00a0Rio. O\u00a0profissional\u00a0ser\u00e1\u00a0respons\u00e1vel\u00a0por\u00a0auxiliar\u00a0os\u00a0gar\u00e7ons\u00a0no\u00a0atendimento,\u00a0organizar\u00a0e\u00a0limpar\u00a0mesas,\u00a0apoiar\u00a0na\u00a0montagem\u00a0e\u00a0organiza\u00e7\u00e3o\u00a0do\u00a0sal\u00e3o\u00a0e\u00a0prestar\u00a0suporte\u00a0geral\u00a0\u00e0\u00a0equipe.\u00a0Necess\u00e1ria\u00a0a\u00a0experi\u00eancia\u00a0na\u00a0fun\u00e7\u00e3o. Informa\u00e7\u00f5es\u00a0da\u00a0Vaga: Hor\u00e1rio:\u00a0MANH\u00c3:\u00a010:30H\u00a0\u00a0\u00c0S\u00a018:50H\u00a0\/\u00a0\u00a0NOITE:\u00a017:30H\u00a0\u00c0S\u00a001:20H Remunera\u00e7\u00e3o: Sal\u00e1rio\u00a0base\u00a0+\u00a0gorjeta Remunera\u00e7\u00e3o\u00a0m\u00e9dia\u00a0total:\u00a0R$\u00a02.200 N\u00famero de vagas: 2 Local de trabalho: Rio de Janeiro, RJ Regime de contrata\u00e7\u00e3o de tipo: Efetivo \u2013 CLT Jornada: Per\u00edodo Integral \u00c1rea e especializa\u00e7\u00e3o profissional: Alimenta\u00e7\u00e3o \/ Gastronomia &#8211; Atendente \/ Recep\u00e7\u00e3o \/ Gar\u00e7om N\u00edvel hier\u00e1rquico: Auxiliar Escolaridade M\u00ednima: Ensino M\u00e9dio (2\u00ba Grau) Sal\u00e1rio: 2200,0<\/p>\n","protected":false},"author":1,"featured_media":0,"comment_status":"open","ping_status":"open","sticky":false,"template":"","format":"standard","meta":{"footnotes":""},"categories":[21],"tags":[],"class_list":["post-3643","post","type-post","status-publish","format-standard","hentry","category-rio-de-janeiro-rj"],"_links":{"self":[{"href":"https:\/\/vagas.portalemprego.com.br\/index.php?rest_route=\/wp\/v2\/posts\/3643","targetHints":{"allow":["GET"]}}],"collection":[{"href":"https:\/\/vagas.portalemprego.com.br\/index.php?rest_route=\/wp\/v2\/posts"}],"about":[{"href":"https:\/\/vagas.portalemprego.com.br\/index.php?rest_route=\/wp\/v2\/types\/post"}],"author":[{"embeddable":true,"href":"https:\/\/vagas.portalemprego.com.br\/index.php?rest_route=\/wp\/v2\/users\/1"}],"replies":[{"embeddable":true,"href":"https:\/\/vagas.portalemprego.com.br\/index.php?rest_route=%2Fwp%2Fv2%2Fcomments&post=3643"}],"version-history":[{"count":0,"href":"https:\/\/vagas.portalemprego.com.br\/index.php?rest_route=\/wp\/v2\/posts\/3643\/revisions"}],"wp:attachment":[{"href":"https:\/\/vagas.portalemprego.com.br\/index.php?rest_route=%2Fwp%2Fv2%2Fmedia&parent=3643"}],"wp:term":[{"taxonomy":"category","embeddable":true,"href":"https:\/\/vagas.portalemprego.com.br\/index.php?rest_route=%2Fwp%2Fv2%2Fcategories&post=3643"},{"taxonomy":"post_tag","embeddable":true,"href":"https:\/\/vagas.portalemprego.com.br\/index.php?rest_route=%2Fwp%2Fv2%2Ftags&post=3643"}],"curies":[{"name":"wp","href":"https:\/\/api.w.org\/{rel}","templated":true}]}}