{"id":3644,"date":"2026-04-29T06:08:08","date_gmt":"2026-04-29T09:08:08","guid":{"rendered":"https:\/\/vagas.portalemprego.com.br\/?p=3644"},"modified":"2026-04-29T06:08:08","modified_gmt":"2026-04-29T09:08:08","slug":"auxiliar-administrativo-administracao-rio-de-janeiro-10","status":"publish","type":"post","link":"https:\/\/vagas.portalemprego.com.br\/?p=3644","title":{"rendered":"Auxiliar Administrativo &#8211; Administra\u00e7\u00e3o &#8211; Rio de Janeiro"},"content":{"rendered":"<p>Com mais de 20 anos de experi\u00eancia, o Cavalcante Ramos Advogados \u00e9 reconhecido por sua excel\u00eancia e destaque na advocacia nacional, sendo inclu\u00eddo por mais de dez anos consecutivos na renomada lista da revista An\u00e1lise Advocacia 500 como um dos escrit\u00f3rios mais admirados do Brasil. Nossa trajet\u00f3ria \u00e9 pautada na inova\u00e7\u00e3o e excel\u00eancia em servi\u00e7os jur\u00eddicos. Saiba mais sobre nossa hist\u00f3ria em cavalcanteramos.adv.br<\/p>\n<p>O que buscamos em voc\u00ea?<br \/>\nProcuramos um profissional com esp\u00edrito competitivo, motivado por desafios, orientado para resultados e protagonista da pr\u00f3pria trajet\u00f3ria.<\/p>\n<p>Atividades:<br \/>\nRealizar a gest\u00e3o e tratativas de e-mails institucionais, incluindo acompanhamento di\u00e1rio e administra\u00e7\u00e3o de acessos;<br \/>\nControlar e monitorar e-mails de resposta, assegurando o envio di\u00e1rio das informa\u00e7\u00f5es em relat\u00f3rio de rotina;<br \/>\nElaborar e encaminhar comunicados e informativos para l\u00edderes, coordenadores e s\u00f3cios;<br \/>\nAtualizar e organizar pastas de bases de dados, garantindo o correto armazenamento de arquivos recebidos via ferramenta de transfer\u00eancia;<br \/>\nApoiar nas rotinas administrativas relacionadas \u00e0 comunica\u00e7\u00e3o e organiza\u00e7\u00e3o de informa\u00e7\u00f5es internas.<\/p>\n<p>Requisitos:<br \/>\nForma\u00e7\u00e3o superior completa ou em andamento;<br \/>\nObrigat\u00f3rio excel intermedi\u00e1rio;<br \/>\nBoa comunica\u00e7\u00e3o, organiza\u00e7\u00e3o e proatividade;<\/p>\n<p>O que oferecemos:<br \/>\nVA\/VR ( R$ 20, para usar como quiser), VT, DayOff no seu anivers\u00e1rio, refeit\u00f3rio no local e conv\u00eanios;<br \/>\nHor\u00e1rio: 10h \u00e0s 17h com 1h de intervalo;<br \/>\nLocal de atua\u00e7\u00e3o: Centro-RJ.<\/p>\n<ul>\n<li>Local de trabalho: Rio de Janeiro, RJ<\/li>\n<li>Regime de contrata\u00e7\u00e3o de tipo: Efetivo \u2013 CLT<\/li>\n<li>Jornada: Per\u00edodo Integral<\/li>\n<li>\u00c1rea e especializa\u00e7\u00e3o profissional: Administra\u00e7\u00e3o &#8211; Administra\u00e7\u00e3o Geral<\/li>\n<li>N\u00edvel hier\u00e1rquico: Auxiliar<\/li>\n<\/ul>\n<p>Escolaridade M\u00ednima: Ensino Superior<\/p>\n<ul>\n<li>Vale-transporte<\/li>\n<li>Vale-refei\u00e7\u00e3o<\/li>\n<li>Vale-alimenta\u00e7\u00e3o<\/li>\n<\/ul>\n<p>Sal\u00e1rio: 1200,0<\/p>\n","protected":false},"excerpt":{"rendered":"<p>Com mais de 20 anos de experi\u00eancia, o Cavalcante Ramos Advogados \u00e9 reconhecido por sua excel\u00eancia e destaque na advocacia nacional, sendo inclu\u00eddo por mais de dez anos consecutivos na renomada lista da revista An\u00e1lise Advocacia 500 como um dos escrit\u00f3rios mais admirados do Brasil. Nossa trajet\u00f3ria \u00e9 pautada na inova\u00e7\u00e3o e excel\u00eancia em servi\u00e7os [&hellip;]<\/p>\n","protected":false},"author":1,"featured_media":0,"comment_status":"open","ping_status":"open","sticky":false,"template":"","format":"standard","meta":{"footnotes":""},"categories":[21],"tags":[],"class_list":["post-3644","post","type-post","status-publish","format-standard","hentry","category-rio-de-janeiro-rj"],"_links":{"self":[{"href":"https:\/\/vagas.portalemprego.com.br\/index.php?rest_route=\/wp\/v2\/posts\/3644","targetHints":{"allow":["GET"]}}],"collection":[{"href":"https:\/\/vagas.portalemprego.com.br\/index.php?rest_route=\/wp\/v2\/posts"}],"about":[{"href":"https:\/\/vagas.portalemprego.com.br\/index.php?rest_route=\/wp\/v2\/types\/post"}],"author":[{"embeddable":true,"href":"https:\/\/vagas.portalemprego.com.br\/index.php?rest_route=\/wp\/v2\/users\/1"}],"replies":[{"embeddable":true,"href":"https:\/\/vagas.portalemprego.com.br\/index.php?rest_route=%2Fwp%2Fv2%2Fcomments&post=3644"}],"version-history":[{"count":0,"href":"https:\/\/vagas.portalemprego.com.br\/index.php?rest_route=\/wp\/v2\/posts\/3644\/revisions"}],"wp:attachment":[{"href":"https:\/\/vagas.portalemprego.com.br\/index.php?rest_route=%2Fwp%2Fv2%2Fmedia&parent=3644"}],"wp:term":[{"taxonomy":"category","embeddable":true,"href":"https:\/\/vagas.portalemprego.com.br\/index.php?rest_route=%2Fwp%2Fv2%2Fcategories&post=3644"},{"taxonomy":"post_tag","embeddable":true,"href":"https:\/\/vagas.portalemprego.com.br\/index.php?rest_route=%2Fwp%2Fv2%2Ftags&post=3644"}],"curies":[{"name":"wp","href":"https:\/\/api.w.org\/{rel}","templated":true}]}}