{"id":3645,"date":"2026-04-29T06:08:08","date_gmt":"2026-04-29T09:08:08","guid":{"rendered":"https:\/\/vagas.portalemprego.com.br\/?p=3645"},"modified":"2026-04-29T06:08:08","modified_gmt":"2026-04-29T09:08:08","slug":"estagiario-nivel-medio-administracao-rio-de-janeiro","status":"publish","type":"post","link":"https:\/\/vagas.portalemprego.com.br\/?p=3645","title":{"rendered":"Estagi\u00e1rio N\u00edvel M\u00e9dio &#8211; Administra\u00e7\u00e3o &#8211; Rio de Janeiro"},"content":{"rendered":"<p>Estagi\u00e1rio(a) \u2013 N\u00edvel M\u00e9dio | Recursos Humanos<br \/>\nBuscamos um(a) estudante organizado(a), comunicativo(a) e com vontade de aprender para apoiar as rotinas administrativas do setor de Recursos Humanos, contribuindo para o bom andamento dos processos internos.<br \/>\nSuas principais responsabilidades:<br \/>\nApoiar na organiza\u00e7\u00e3o de documentos f\u00edsicos e digitais de colaboradores;<br \/>\nAuxiliar no controle e atualiza\u00e7\u00e3o de planilhas e arquivos do setor;<br \/>\nDar suporte nas rotinas de admiss\u00e3o e organiza\u00e7\u00e3o de documentos;<br \/>\nApoiar na organiza\u00e7\u00e3o de treinamentos, integra\u00e7\u00f5es e comunicados internos;<br \/>\nAuxiliar no atendimento interno aos colaboradores, direcionando demandas ao respons\u00e1vel da \u00e1rea;<br \/>\nContribuir para a organiza\u00e7\u00e3o e padroniza\u00e7\u00e3o dos processos administrativos do RH.<br \/>\nRequisitos e Qualifica\u00e7\u00f5es:<br \/>\nEstar cursando Ensino M\u00e9dio;<br \/>\nConhecimento b\u00e1sico em Pacote Office;<br \/>\nOrganiza\u00e7\u00e3o, responsabilidade e aten\u00e7\u00e3o aos detalhes;<br \/>\nBoa comunica\u00e7\u00e3o e postura profissional;<br \/>\nInteresse em aprender sobre rotinas administrativas e gest\u00e3o de pessoas.<br \/>\nSer\u00e1 um diferencial ter interesse em seguir carreira na \u00e1rea de Recursos Humanos ou Administra\u00e7\u00e3o.<br \/>\nLocal da vaga: Av. Gerem\u00e1rio Dantas, 1407 &#8211; Freguesia, Jacarepagu\u00e1<br \/>\nJornada: 08h \u00e0s 12h<\/p>\n<p>Estagi\u00e1rio(a) \u2013 N\u00edvel M\u00e9dio | Financeiro<br \/>\nBuscamos um(a) estudante organizado(a), atento(a) e comprometido(a) para apoiar as rotinas administrativas do setor financeiro, contribuindo para a organiza\u00e7\u00e3o e controle das atividades da \u00e1rea.<br \/>\nSuas principais responsabilidades:<br \/>\nAuxiliar na organiza\u00e7\u00e3o e arquivamento de documentos f\u00edsicos e digitais;<br \/>\nApoiar no lan\u00e7amento e confer\u00eancia de informa\u00e7\u00f5es em planilhas;<br \/>\nAuxiliar na separa\u00e7\u00e3o de documentos para envio \u00e0 contabilidade;<br \/>\nApoiar na organiza\u00e7\u00e3o de comprovantes, notas fiscais e relat\u00f3rios;<br \/>\nContribuir para a padroniza\u00e7\u00e3o e controle dos arquivos da \u00e1rea financeira;<br \/>\nPrestar suporte \u00e0s demandas administrativas do setor.<br \/>\nRequisitos e Qualifica\u00e7\u00f5es:<br \/>\nEstar cursando Ensino M\u00e9dio;<br \/>\nConhecimento b\u00e1sico em Pacote Office;<br \/>\nOrganiza\u00e7\u00e3o, aten\u00e7\u00e3o aos detalhes e responsabilidade;<br \/>\nBoa postura e facilidade para seguir processos;<br \/>\nInteresse em aprender sobre rotinas administrativas e financeiras.<br \/>\nSer\u00e1 um diferencial interesse em seguir carreira nas \u00e1reas administrativa, financeira ou cont\u00e1bil.<br \/>\nLocal\u00a0da\u00a0vaga:\u00a0Av.\u00a0Gerem\u00e1rio\u00a0Dantas,\u00a01407\u00a0&#8211;\u00a0Freguesia,\u00a0Jacarepagu\u00e1<br \/>\nJornada:\u00a013h\u00a0\u00e0s\u00a017h<\/p>\n<ul>\n<li>Local de trabalho: Rio de Janeiro, RJ<\/li>\n<li>Regime de contrata\u00e7\u00e3o de tipo: Est\u00e1gio<\/li>\n<li>Jornada: Parcial manh\u00e3s<\/li>\n<li>\u00c1rea e especializa\u00e7\u00e3o profissional: Administra\u00e7\u00e3o &#8211; Administra\u00e7\u00e3o Geral<\/li>\n<li>N\u00edvel hier\u00e1rquico: Estagi\u00e1rio<\/li>\n<\/ul>\n<p>VALORIZADO<\/p>\n<p>Tempo de experi\u00eancia: S\u00f3 est\u00e1gios<\/p>\n<p>HABILIDADES<\/p>\n<ul>\n<li>Est\u00e1gio<\/li>\n<li>RH<\/li>\n<li>Financeiro<\/li>\n<\/ul>\n<p>Escolaridade M\u00ednima: Ensino M\u00e9dio (2\u00ba Grau)<\/p>\n<p>Sal\u00e1rio: 600,0<\/p>\n","protected":false},"excerpt":{"rendered":"<p>Estagi\u00e1rio(a) \u2013 N\u00edvel M\u00e9dio | Recursos Humanos Buscamos um(a) estudante organizado(a), comunicativo(a) e com vontade de aprender para apoiar as rotinas administrativas do setor de Recursos Humanos, contribuindo para o bom andamento dos processos internos. Suas principais responsabilidades: Apoiar na organiza\u00e7\u00e3o de documentos f\u00edsicos e digitais de colaboradores; Auxiliar no controle e atualiza\u00e7\u00e3o de planilhas [&hellip;]<\/p>\n","protected":false},"author":1,"featured_media":0,"comment_status":"open","ping_status":"open","sticky":false,"template":"","format":"standard","meta":{"footnotes":""},"categories":[21],"tags":[],"class_list":["post-3645","post","type-post","status-publish","format-standard","hentry","category-rio-de-janeiro-rj"],"_links":{"self":[{"href":"https:\/\/vagas.portalemprego.com.br\/index.php?rest_route=\/wp\/v2\/posts\/3645","targetHints":{"allow":["GET"]}}],"collection":[{"href":"https:\/\/vagas.portalemprego.com.br\/index.php?rest_route=\/wp\/v2\/posts"}],"about":[{"href":"https:\/\/vagas.portalemprego.com.br\/index.php?rest_route=\/wp\/v2\/types\/post"}],"author":[{"embeddable":true,"href":"https:\/\/vagas.portalemprego.com.br\/index.php?rest_route=\/wp\/v2\/users\/1"}],"replies":[{"embeddable":true,"href":"https:\/\/vagas.portalemprego.com.br\/index.php?rest_route=%2Fwp%2Fv2%2Fcomments&post=3645"}],"version-history":[{"count":0,"href":"https:\/\/vagas.portalemprego.com.br\/index.php?rest_route=\/wp\/v2\/posts\/3645\/revisions"}],"wp:attachment":[{"href":"https:\/\/vagas.portalemprego.com.br\/index.php?rest_route=%2Fwp%2Fv2%2Fmedia&parent=3645"}],"wp:term":[{"taxonomy":"category","embeddable":true,"href":"https:\/\/vagas.portalemprego.com.br\/index.php?rest_route=%2Fwp%2Fv2%2Fcategories&post=3645"},{"taxonomy":"post_tag","embeddable":true,"href":"https:\/\/vagas.portalemprego.com.br\/index.php?rest_route=%2Fwp%2Fv2%2Ftags&post=3645"}],"curies":[{"name":"wp","href":"https:\/\/api.w.org\/{rel}","templated":true}]}}