{"id":3648,"date":"2026-04-29T06:08:08","date_gmt":"2026-04-29T09:08:08","guid":{"rendered":"https:\/\/vagas.portalemprego.com.br\/?p=3648"},"modified":"2026-04-29T06:08:08","modified_gmt":"2026-04-29T09:08:08","slug":"tecnico-de-radio-comunicacao-construcao-manutencao-rio-de-janeiro","status":"publish","type":"post","link":"https:\/\/vagas.portalemprego.com.br\/?p=3648","title":{"rendered":"T\u00e9cnico de Radio comunica\u00e7\u00e3o &#8211; Constru\u00e7\u00e3o, Manuten\u00e7\u00e3o &#8211; Rio de Janeiro"},"content":{"rendered":"<p>O Grupo Seres, em parceria com empresa Nacional, seleciona profissional para atuar na fun\u00e7\u00e3o de\u00a0T\u00e9cnico em Telecomunica\u00e7\u00f5es<br \/>\nAtividades:<br \/>\nRealizar a manuten\u00e7\u00e3o preventiva e corretiva das redes de radiocomunica\u00e7\u00e3o; realizar reparos nos equipamentos de radiocomunica\u00e7\u00e3o; realizar a instala\u00e7\u00e3o de redes de radiocomunica\u00e7\u00e3o; realizar a configura\u00e7\u00e3o de frequ\u00eancias em radiocomunicadores; relatar problemas t\u00e9cnicos e solucion\u00e1-los para o bom andamento de todo o sistema; reportar aos superiores e respons\u00e1veis todas as etapas de seus servi\u00e7os para que estejam cientes do que est\u00e1 sendo executado.<br \/>\nRequisitos obrigat\u00f3rios:<br \/>\nRequisitos Obrigat\u00f3rios:<br \/>\nNecess\u00e1rio ensino m\u00e9dio completo com habilita\u00e7\u00e3o t\u00e9cnica em Eletr\u00f4nica, Eletrot\u00e9cnica ou Telecomunica\u00e7\u00f5es; indispens\u00e1vel ter bons conhecimentos e experi\u00eancias em manuten\u00e7\u00e3o preventiva e corretiva de radiocomunicadores. Desej\u00e1vel NR 35 \u2013 n\u00e3o \u00e9 obrigat\u00f3rio pois cliente oferecer\u00e1 capacita\u00e7\u00e3o e reciclagem.<\/p>\n<ul>\n<li>Local de trabalho: Rio de Janeiro, RJ<\/li>\n<li>Regime de contrata\u00e7\u00e3o de tipo: Tempor\u00e1rio<\/li>\n<li>Jornada: Per\u00edodo Integral<\/li>\n<li>\u00c1rea e especializa\u00e7\u00e3o profissional: Constru\u00e7\u00e3o, Manuten\u00e7\u00e3o &#8211; Manuten\u00e7\u00e3o El\u00e9trica<\/li>\n<li>N\u00edvel hier\u00e1rquico: Operacional<\/li>\n<\/ul>\n<p>VALORIZADO<\/p>\n<p>Tempo de experi\u00eancia: Entre 1 e 3 anos<\/p>\n<p>Escolaridade M\u00ednima: Curso T\u00e9cnico<\/p>\n","protected":false},"excerpt":{"rendered":"<p>O Grupo Seres, em parceria com empresa Nacional, seleciona profissional para atuar na fun\u00e7\u00e3o de\u00a0T\u00e9cnico em Telecomunica\u00e7\u00f5es Atividades: Realizar a manuten\u00e7\u00e3o preventiva e corretiva das redes de radiocomunica\u00e7\u00e3o; realizar reparos nos equipamentos de radiocomunica\u00e7\u00e3o; realizar a instala\u00e7\u00e3o de redes de radiocomunica\u00e7\u00e3o; realizar a configura\u00e7\u00e3o de frequ\u00eancias em radiocomunicadores; relatar problemas t\u00e9cnicos e solucion\u00e1-los para o [&hellip;]<\/p>\n","protected":false},"author":1,"featured_media":0,"comment_status":"open","ping_status":"open","sticky":false,"template":"","format":"standard","meta":{"footnotes":""},"categories":[21],"tags":[],"class_list":["post-3648","post","type-post","status-publish","format-standard","hentry","category-rio-de-janeiro-rj"],"_links":{"self":[{"href":"https:\/\/vagas.portalemprego.com.br\/index.php?rest_route=\/wp\/v2\/posts\/3648","targetHints":{"allow":["GET"]}}],"collection":[{"href":"https:\/\/vagas.portalemprego.com.br\/index.php?rest_route=\/wp\/v2\/posts"}],"about":[{"href":"https:\/\/vagas.portalemprego.com.br\/index.php?rest_route=\/wp\/v2\/types\/post"}],"author":[{"embeddable":true,"href":"https:\/\/vagas.portalemprego.com.br\/index.php?rest_route=\/wp\/v2\/users\/1"}],"replies":[{"embeddable":true,"href":"https:\/\/vagas.portalemprego.com.br\/index.php?rest_route=%2Fwp%2Fv2%2Fcomments&post=3648"}],"version-history":[{"count":0,"href":"https:\/\/vagas.portalemprego.com.br\/index.php?rest_route=\/wp\/v2\/posts\/3648\/revisions"}],"wp:attachment":[{"href":"https:\/\/vagas.portalemprego.com.br\/index.php?rest_route=%2Fwp%2Fv2%2Fmedia&parent=3648"}],"wp:term":[{"taxonomy":"category","embeddable":true,"href":"https:\/\/vagas.portalemprego.com.br\/index.php?rest_route=%2Fwp%2Fv2%2Fcategories&post=3648"},{"taxonomy":"post_tag","embeddable":true,"href":"https:\/\/vagas.portalemprego.com.br\/index.php?rest_route=%2Fwp%2Fv2%2Ftags&post=3648"}],"curies":[{"name":"wp","href":"https:\/\/api.w.org\/{rel}","templated":true}]}}