{"id":3649,"date":"2026-04-29T06:08:08","date_gmt":"2026-04-29T09:08:08","guid":{"rendered":"https:\/\/vagas.portalemprego.com.br\/?p=3649"},"modified":"2026-04-29T06:08:08","modified_gmt":"2026-04-29T09:08:08","slug":"auxiliar-de-servicos-gerais-pcd-servicos-gerais-rio-de-janeiro-6","status":"publish","type":"post","link":"https:\/\/vagas.portalemprego.com.br\/?p=3649","title":{"rendered":"Auxiliar de Servi\u00e7os Gerais &#8211; PCD &#8211; Servi\u00e7os Gerais &#8211; Rio de Janeiro"},"content":{"rendered":"<p>Ser uma empresa de gente servindo gente \u00e9 muito mais que servir gastronomia. \u00c9 servir respeito, igualdade e inclus\u00e3o! Na FAM\u00cdLIA gurum\u00ea tem gente de todo jeito!<br \/>\nNossa FELICIDADE \u00e9 ser quem somos, como somos e como nascemos. HOMBRIDADE \u00e9 sobre ter respeito com o pr\u00f3ximo sem preconceitos para que a CONFIAN\u00c7A que temos uns nos outros se torne mais forte a cada dia para caminharmos lado a lado, porque quando falamos da nossa gente, falamos em LIBERDADE para ser voc\u00ea mesmo, e a base dela \u00e9 o respeito.<br \/>\nRespeitar todas as identidades, express\u00f5es e diferen\u00e7as. Praticar a empatia. Nos posicionamos contra o preconceito denunciando qualquer tipo de discrimina\u00e7\u00e3o ou ass\u00e9dio. Esse \u00e9 o nosso objetivo para cumprir a nossa miss\u00e3o de DEMOCRATIZAR A BOA CULIN\u00c1RIA. Porque democratizar mesmo \u00e9 tornar acess\u00edvel para todas as pessoas que nos rodeiam em nosso escrit\u00f3rio, nossa f\u00e1brica, nos nossos restaurantes e na nossa vida.<br \/>\nRequisitos:<br \/>\nDisponibilidade para trabalhar de madrugada na escala 5&#215;2;<br \/>\nExperi\u00eancia em limpeza (diferencial);<br \/>\nTer f\u00e1cil acesso a Barra da Tijuca.<br \/>\nInforma\u00e7\u00f5es adicionais: Remunera\u00e7\u00e3o + Comiss\u00e3o (vari\u00e1vel); Vale Transporte; Assist\u00eancia M\u00e9dica e Odontol\u00f3gica; Gympass; Aux\u00edlio Farm\u00e1cia; Aux\u00edlio Creche + PLR (Participa\u00e7\u00e3o nos lucros); Conv\u00eanio com Sesc; Conv\u00eanio com faculdades; Conv\u00eanio com cursos de idiomas; Refei\u00e7\u00e3o no local; Plano de Carreira (ou seja, chances de crescimento e desenvolvimento dentro do Grupo)!<\/p>\n<ul>\n<li>Local de trabalho: Rio de Janeiro, RJ<\/li>\n<li>Regime de contrata\u00e7\u00e3o de tipo: Efetivo \u2013 CLT<\/li>\n<li>Jornada: Per\u00edodo Integral<\/li>\n<li>\u00c1rea e especializa\u00e7\u00e3o profissional: Servi\u00e7os Gerais &#8211; Limpeza<\/li>\n<li>N\u00edvel hier\u00e1rquico: Operacional<\/li>\n<\/ul>\n<p>VALORIZADO<\/p>\n<p>Tempo de experi\u00eancia: Sem experi\u00eancia<\/p>\n<p>Escolaridade M\u00ednima: Ensino Fundamental (1\u00ba grau)<\/p>\n<ul>\n<li>omni<\/li>\n<li>Vale-transporte<\/li>\n<li>Assist\u00eancia m\u00e9dica<\/li>\n<li>Assist\u00eancia odontol\u00f3gica<\/li>\n<li>gympass<\/li>\n<li>alimenta\u00e7\u00e3o no local<\/li>\n<li>Participa\u00e7\u00e3o nos lucros<\/li>\n<\/ul>\n<p>Sal\u00e1rio: 2080,41<\/p>\n","protected":false},"excerpt":{"rendered":"<p>Ser uma empresa de gente servindo gente \u00e9 muito mais que servir gastronomia. \u00c9 servir respeito, igualdade e inclus\u00e3o! Na FAM\u00cdLIA gurum\u00ea tem gente de todo jeito! Nossa FELICIDADE \u00e9 ser quem somos, como somos e como nascemos. HOMBRIDADE \u00e9 sobre ter respeito com o pr\u00f3ximo sem preconceitos para que a CONFIAN\u00c7A que temos uns [&hellip;]<\/p>\n","protected":false},"author":1,"featured_media":0,"comment_status":"open","ping_status":"open","sticky":false,"template":"","format":"standard","meta":{"footnotes":""},"categories":[21],"tags":[],"class_list":["post-3649","post","type-post","status-publish","format-standard","hentry","category-rio-de-janeiro-rj"],"_links":{"self":[{"href":"https:\/\/vagas.portalemprego.com.br\/index.php?rest_route=\/wp\/v2\/posts\/3649","targetHints":{"allow":["GET"]}}],"collection":[{"href":"https:\/\/vagas.portalemprego.com.br\/index.php?rest_route=\/wp\/v2\/posts"}],"about":[{"href":"https:\/\/vagas.portalemprego.com.br\/index.php?rest_route=\/wp\/v2\/types\/post"}],"author":[{"embeddable":true,"href":"https:\/\/vagas.portalemprego.com.br\/index.php?rest_route=\/wp\/v2\/users\/1"}],"replies":[{"embeddable":true,"href":"https:\/\/vagas.portalemprego.com.br\/index.php?rest_route=%2Fwp%2Fv2%2Fcomments&post=3649"}],"version-history":[{"count":0,"href":"https:\/\/vagas.portalemprego.com.br\/index.php?rest_route=\/wp\/v2\/posts\/3649\/revisions"}],"wp:attachment":[{"href":"https:\/\/vagas.portalemprego.com.br\/index.php?rest_route=%2Fwp%2Fv2%2Fmedia&parent=3649"}],"wp:term":[{"taxonomy":"category","embeddable":true,"href":"https:\/\/vagas.portalemprego.com.br\/index.php?rest_route=%2Fwp%2Fv2%2Fcategories&post=3649"},{"taxonomy":"post_tag","embeddable":true,"href":"https:\/\/vagas.portalemprego.com.br\/index.php?rest_route=%2Fwp%2Fv2%2Ftags&post=3649"}],"curies":[{"name":"wp","href":"https:\/\/api.w.org\/{rel}","templated":true}]}}