{"id":3653,"date":"2026-04-29T06:09:09","date_gmt":"2026-04-29T09:09:09","guid":{"rendered":"https:\/\/vagas.portalemprego.com.br\/?p=3653"},"modified":"2026-04-29T06:09:09","modified_gmt":"2026-04-29T09:09:09","slug":"jovem-aprendiz-comercial-vendas-rio-de-janeiro-3","status":"publish","type":"post","link":"https:\/\/vagas.portalemprego.com.br\/?p=3653","title":{"rendered":"Jovem Aprendiz &#8211; Comercial, Vendas &#8211; Rio de Janeiro"},"content":{"rendered":"<p>Organiza\u00e7\u00e3o, cuidado e senso de dono fazem toda a diferen\u00e7a por aqui!<br \/>\nEstamos em busca de jovens comprometidos, atentos e com vontade de aprender. No nosso dia a dia, um ambiente organizado e um atendimento acolhedor s\u00e3o essenciais para encantar cada cliente que entra na loja.<br \/>\nPrincipais atividades:<br \/>\nApoiar no atendimento ao cliente, orientando sobre produtos e auxiliando em d\u00favidas;<br \/>\nOrganizar e repor mercadorias em g\u00f4ndolas, prateleiras e \u00e1reas de exposi\u00e7\u00e3o;<br \/>\nAuxiliar no controle e organiza\u00e7\u00e3o do estoque;<br \/>\nApoiar na confer\u00eancia, precifica\u00e7\u00e3o e exposi\u00e7\u00e3o adequada dos produtos;<br \/>\nColaborar com a equipe na manuten\u00e7\u00e3o da organiza\u00e7\u00e3o e limpeza do setor;<br \/>\nApoiar no cadastro de novos clientes e recomenda\u00e7\u00e3o;<br \/>\nApoiar nas rotinas operacionais da loja, sempre seguindo normas e procedimentos internos entre outras atividades inerentes ao cargo.<br \/>\nRequisitos:<br \/>\nEnsino M\u00e9dio conclu\u00eddo ou cursando;<br \/>\nDisponibilidade de hor\u00e1rio;<br \/>\nOrganiza\u00e7\u00e3o, aten\u00e7\u00e3o, agilidade e proatividade;<br \/>\nBoa comunica\u00e7\u00e3o e vontade de aprender.<\/p>\n<p>Remunera\u00e7\u00e3o + Benef\u00edcios:<br \/>\nSal\u00e1rio;<br \/>\nVale-Transporte (VT);<br \/>\nVale-Refei\u00e7\u00e3o ou Vale-Alimenta\u00e7\u00e3o.<\/p>\n<p>Vem fazer parte do nosso time!<\/p>\n<ul>\n<li>N\u00famero de vagas: 10<\/li>\n<li>Local de trabalho: Rio de Janeiro, RJ<\/li>\n<li>Regime de contrata\u00e7\u00e3o de tipo: Jovem Aprendiz<\/li>\n<li>Jornada: Parcial tardes<\/li>\n<li>\u00c1rea e especializa\u00e7\u00e3o profissional: Comercial, Vendas &#8211; Lojas \/ Shopping<\/li>\n<li>N\u00edvel hier\u00e1rquico: Operacional<\/li>\n<\/ul>\n<p>Escolaridade M\u00ednima: Ensino M\u00e9dio (2\u00ba Grau)<\/p>\n","protected":false},"excerpt":{"rendered":"<p>Organiza\u00e7\u00e3o, cuidado e senso de dono fazem toda a diferen\u00e7a por aqui! Estamos em busca de jovens comprometidos, atentos e com vontade de aprender. No nosso dia a dia, um ambiente organizado e um atendimento acolhedor s\u00e3o essenciais para encantar cada cliente que entra na loja. Principais atividades: Apoiar no atendimento ao cliente, orientando sobre [&hellip;]<\/p>\n","protected":false},"author":1,"featured_media":0,"comment_status":"open","ping_status":"open","sticky":false,"template":"","format":"standard","meta":{"footnotes":""},"categories":[21],"tags":[],"class_list":["post-3653","post","type-post","status-publish","format-standard","hentry","category-rio-de-janeiro-rj"],"_links":{"self":[{"href":"https:\/\/vagas.portalemprego.com.br\/index.php?rest_route=\/wp\/v2\/posts\/3653","targetHints":{"allow":["GET"]}}],"collection":[{"href":"https:\/\/vagas.portalemprego.com.br\/index.php?rest_route=\/wp\/v2\/posts"}],"about":[{"href":"https:\/\/vagas.portalemprego.com.br\/index.php?rest_route=\/wp\/v2\/types\/post"}],"author":[{"embeddable":true,"href":"https:\/\/vagas.portalemprego.com.br\/index.php?rest_route=\/wp\/v2\/users\/1"}],"replies":[{"embeddable":true,"href":"https:\/\/vagas.portalemprego.com.br\/index.php?rest_route=%2Fwp%2Fv2%2Fcomments&post=3653"}],"version-history":[{"count":0,"href":"https:\/\/vagas.portalemprego.com.br\/index.php?rest_route=\/wp\/v2\/posts\/3653\/revisions"}],"wp:attachment":[{"href":"https:\/\/vagas.portalemprego.com.br\/index.php?rest_route=%2Fwp%2Fv2%2Fmedia&parent=3653"}],"wp:term":[{"taxonomy":"category","embeddable":true,"href":"https:\/\/vagas.portalemprego.com.br\/index.php?rest_route=%2Fwp%2Fv2%2Fcategories&post=3653"},{"taxonomy":"post_tag","embeddable":true,"href":"https:\/\/vagas.portalemprego.com.br\/index.php?rest_route=%2Fwp%2Fv2%2Ftags&post=3653"}],"curies":[{"name":"wp","href":"https:\/\/api.w.org\/{rel}","templated":true}]}}