{"id":3655,"date":"2026-04-29T06:09:09","date_gmt":"2026-04-29T09:09:09","guid":{"rendered":"https:\/\/vagas.portalemprego.com.br\/?p=3655"},"modified":"2026-04-29T06:09:09","modified_gmt":"2026-04-29T09:09:09","slug":"operador-de-producao-industrial-producao-fabrica-rio-de-janeiro-2","status":"publish","type":"post","link":"https:\/\/vagas.portalemprego.com.br\/?p=3655","title":{"rendered":"Operador de Produ\u00e7\u00e3o &#8211; Industrial, Produ\u00e7\u00e3o, F\u00e1brica &#8211; Rio de Janeiro"},"content":{"rendered":"<p>Executar atividades relativas ao processo de envasamento e acondicionamento dos medicamentos s\u00f3lidos, semiss\u00f3lidos e l\u00edquidos, operando m\u00e1quinas e garantindo que as mesmas estejam funcionando de acordo com os procedimentos e especifica\u00e7\u00f5es t\u00e9cnicas de embalagem, trabalhando em conformidade com normas e requerimentos de seguran\u00e7a, sa\u00fade e higiene focados nas boas pr\u00e1ticas de fabrica\u00e7\u00e3o, a fim de atender \u00e0 demanda da Institui\u00e7\u00e3o no que se refere \u00e0 produ\u00e7\u00e3o de medicamento.<\/p>\n<p>Requisitos:<br \/>\nEnsino m\u00e9dio completo;<br \/>\nExperi\u00eancia\u00a0como\u00a0Operador\u00a0de\u00a0Produ\u00e7\u00e3o\u00a0na\u00a0ind\u00fastria\u00a0farmac\u00eautica\u00a0(conhecimento\u00a0em\u00a0BPF);<br \/>\nDisponibilidade\u00a0de\u00a0hor\u00e1rio\u00a0para\u00a0atuar\u00a0em\u00a0turnos.<\/p>\n<p>Desej\u00e1vel:<br \/>\nDesej\u00e1vel\u00a0curso\u00a0t\u00e9cnico\u00a0em\u00a0eletr\u00f4nica,\u00a0el\u00e9trica,\u00a0mec\u00e2nica\u00a0ou\u00a0automa\u00e7\u00e3o\u00a0industrial;\u00a0\u00a0<br \/>\nExpertise\u00a0com\u00a0blister;<\/p>\n<p>Hor\u00e1rios:<br \/>\n22h00 \u00e0s 06h00 de Segunda a Sexta.<\/p>\n<ul>\n<li>N\u00famero de vagas: 2<\/li>\n<li>Local de trabalho: Rio de Janeiro, RJ<\/li>\n<li>Regime de contrata\u00e7\u00e3o de tipo: Efetivo \u2013 CLT<\/li>\n<li>Jornada: Per\u00edodo Integral<\/li>\n<li>\u00c1rea e especializa\u00e7\u00e3o profissional: Industrial, Produ\u00e7\u00e3o, F\u00e1brica &#8211; Produ\u00e7\u00e3o<\/li>\n<li>N\u00edvel hier\u00e1rquico: Operacional<\/li>\n<\/ul>\n<p>Escolaridade M\u00ednima: Ensino M\u00e9dio (2\u00ba Grau)<\/p>\n<p>Forma\u00e7\u00e3o desejada:<\/p>\n<ul>\n<li>Ensino M\u00e9dio (2\u00ba Grau)<\/li>\n<\/ul>\n<ul>\n<li>Refei\u00e7\u00e3o no local<\/li>\n<li>Vale-transporte<\/li>\n<li>Assist\u00eancia m\u00e9dica<\/li>\n<li>Seguro de Vida<\/li>\n<li>Assist\u00eancia odontol\u00f3gica<\/li>\n<\/ul>\n<p>Sal\u00e1rio: 3998,17<\/p>\n","protected":false},"excerpt":{"rendered":"<p>Executar atividades relativas ao processo de envasamento e acondicionamento dos medicamentos s\u00f3lidos, semiss\u00f3lidos e l\u00edquidos, operando m\u00e1quinas e garantindo que as mesmas estejam funcionando de acordo com os procedimentos e especifica\u00e7\u00f5es t\u00e9cnicas de embalagem, trabalhando em conformidade com normas e requerimentos de seguran\u00e7a, sa\u00fade e higiene focados nas boas pr\u00e1ticas de fabrica\u00e7\u00e3o, a fim de [&hellip;]<\/p>\n","protected":false},"author":1,"featured_media":0,"comment_status":"open","ping_status":"open","sticky":false,"template":"","format":"standard","meta":{"footnotes":""},"categories":[21],"tags":[],"class_list":["post-3655","post","type-post","status-publish","format-standard","hentry","category-rio-de-janeiro-rj"],"_links":{"self":[{"href":"https:\/\/vagas.portalemprego.com.br\/index.php?rest_route=\/wp\/v2\/posts\/3655","targetHints":{"allow":["GET"]}}],"collection":[{"href":"https:\/\/vagas.portalemprego.com.br\/index.php?rest_route=\/wp\/v2\/posts"}],"about":[{"href":"https:\/\/vagas.portalemprego.com.br\/index.php?rest_route=\/wp\/v2\/types\/post"}],"author":[{"embeddable":true,"href":"https:\/\/vagas.portalemprego.com.br\/index.php?rest_route=\/wp\/v2\/users\/1"}],"replies":[{"embeddable":true,"href":"https:\/\/vagas.portalemprego.com.br\/index.php?rest_route=%2Fwp%2Fv2%2Fcomments&post=3655"}],"version-history":[{"count":0,"href":"https:\/\/vagas.portalemprego.com.br\/index.php?rest_route=\/wp\/v2\/posts\/3655\/revisions"}],"wp:attachment":[{"href":"https:\/\/vagas.portalemprego.com.br\/index.php?rest_route=%2Fwp%2Fv2%2Fmedia&parent=3655"}],"wp:term":[{"taxonomy":"category","embeddable":true,"href":"https:\/\/vagas.portalemprego.com.br\/index.php?rest_route=%2Fwp%2Fv2%2Fcategories&post=3655"},{"taxonomy":"post_tag","embeddable":true,"href":"https:\/\/vagas.portalemprego.com.br\/index.php?rest_route=%2Fwp%2Fv2%2Ftags&post=3655"}],"curies":[{"name":"wp","href":"https:\/\/api.w.org\/{rel}","templated":true}]}}